{"id":17908,"date":"2022-04-22T19:28:55","date_gmt":"2022-04-22T19:28:55","guid":{"rendered":"https:\/\/www.elgrillitosuena.com\/inicio\/?p=17908"},"modified":"2022-04-22T19:28:55","modified_gmt":"2022-04-22T19:28:55","slug":"asesinan-a-juana-ovando-en-xalapa-era-activista-y-lider-juvenil-del-pri","status":"publish","type":"post","link":"https:\/\/www.elgrillitosuena.com\/inicio\/noticias\/mexico\/asesinan-a-juana-ovando-en-xalapa-era-activista-y-lider-juvenil-del-pri\/","title":{"rendered":"Asesinan a Juana Ovando en Xalapa; era activista y l\u00edder juvenil del PRI"},"content":{"rendered":"<p><img decoding=\"async\" src=\"https:\/\/cloudfront-us-east-1.images.arcpublishing.com\/infobae\/OZHMTQRGNFHD3L4S6ZO2SIPO6A.jpg\" alt=\"Asesinaron a la activista Juana Ovando de los Santos, adscrita a las  juventudes del PRI - Infobae\" \/><\/p>\n<p>La joven\u00a0priista y activista\u00a0Juana Ovando de los Santos\u00a0fue otra v\u00edctima de feminicidio, en Xalapa, Veracruz.<\/p>\n<p>Juana Ovando, de 21\u00a0a\u00f1os,\u00a0quien fung\u00eda como secretaria de la Juventud de la Confederaci\u00f3n Nacional Obrero Popular (CNOP), del\u00a0PRI de Veracruz,\u00a0fue asesinada por \u201csu vecino\u201d, de acuerdo con Quadrat\u00edn, Veracruz.<\/p>\n<p>Los hechos ocurrieron este mi\u00e9rcoles 20 de abril, sin embargo, hasta el d\u00eda de ayer se dio a conocer que con martillo y picahielo, \u201csu vecino se atrevi\u00f3 a quitarle la vida a la chica sure\u00f1a que estaba pr\u00f3xima a entrar a la\u00a0Universidad Veracruzana\u201d, se lee en la columna de opini\u00f3n de Quadrat\u00edn,\u00a0escrita por Luz Mar\u00eda Rivera.<\/p>\n<p>Debido a lo anterior, se destac\u00f3 que el\u00a0hombre feminicida\u00a0ya se encuentra, oficialmente, detenido. Se sabe que\u00a0el feminicida ya ten\u00eda antecedentes de conflicto con Juana, as\u00ed como con su pareja.<\/p>\n<p>Ante esto, el\u00a0Comit\u00e9 Directivo Estatal del PRI Veracruz\u00a0lament\u00f3 el asesinato y exigi\u00f3 justicia a las autoridades en el caso.<\/p>\n<p>Adem\u00e1s, la\u00a0CNOP Nacional\u00a0tambi\u00e9n se uni\u00f3 a las condolencias y exigi\u00f3 justicia para su activista, as\u00ed como \u201ctodo el peso de la ley para el responsable implicado\u201d.<\/p>\n<p><img decoding=\"async\" class=\"i-amphtml-fill-content i-amphtml-replaced-content\" src=\"https:\/\/www.radioformula.com.mx\/u\/fotografias\/m\/2022\/4\/22\/f768x1-331984_332111_78.jpg\" alt=\"\" \/><\/p>\n<p>&#8220;Me entero con indignaci\u00f3n de la muerte de Juana Ovando de los Santos, una joven priista que luch\u00f3 y alz\u00f3 la voz para exigir un alto a la violencia contra la mujer\u201d, fueron las palabras que emiti\u00f3 el presidente nacional del PRI,\u00a0Alejandro Moreno.<\/p>\n<blockquote class=\"twitter-tweet\" data-width=\"550\" data-dnt=\"true\">\n<p lang=\"es\" dir=\"ltr\">Me entero con indignaci\u00f3n de la muerte de Juana Ovando de los Santos, una joven priista que luch\u00f3 y alz\u00f3 la voz para exigir un alto a la violencia contra la mujer.<\/p>\n<p>A su familia mi m\u00e1s sentido p\u00e9same. A las autoridades mi exigencia para dar con el responsable.<\/p>\n<p>Descanse en paz.<\/p>\n<p>&mdash; Alejandro Moreno (@alitomorenoc) <a href=\"https:\/\/twitter.com\/alitomorenoc\/status\/1517254920944160773?ref_src=twsrc%5Etfw\">April 21, 2022<\/a><\/p><\/blockquote>\n<p><script async src=\"https:\/\/platform.twitter.com\/widgets.js\" charset=\"utf-8\"><\/script><\/p>\n<div class=\"widget-twitter\">\n<div class=\"widget widget-twitter\">Con informaci\u00f3n de Radio F\u00f3rmula<\/div>\n<\/div>\n","protected":false},"excerpt":{"rendered":"<p>La joven\u00a0priista y activista\u00a0Juana Ovando de los Santos\u00a0fue otra v\u00edctima de feminicidio, en Xalapa, Veracruz. Juana Ovando, de 21\u00a0a\u00f1os,\u00a0quien fung\u00eda como secretaria de la Juventud de la Confederaci\u00f3n Nacional Obrero Popular (CNOP), del\u00a0PRI de Veracruz,\u00a0fue asesinada por \u201csu vecino\u201d, de acuerdo con Quadrat\u00edn, Veracruz. Los hechos ocurrieron este mi\u00e9rcoles 20 de abril, sin embargo, hasta &hellip;<\/p>\n","protected":false},"author":6,"featured_media":17909,"comment_status":"open","ping_status":"closed","sticky":false,"template":"","format":"standard","meta":[],"categories":[39],"tags":[978,263,954],"_links":{"self":[{"href":"https:\/\/www.elgrillitosuena.com\/inicio\/wp-json\/wp\/v2\/posts\/17908"}],"collection":[{"href":"https:\/\/www.elgrillitosuena.com\/inicio\/wp-json\/wp\/v2\/posts"}],"about":[{"href":"https:\/\/www.elgrillitosuena.com\/inicio\/wp-json\/wp\/v2\/types\/post"}],"author":[{"embeddable":true,"href":"https:\/\/www.elgrillitosuena.com\/inicio\/wp-json\/wp\/v2\/users\/6"}],"replies":[{"embeddable":true,"href":"https:\/\/www.elgrillitosuena.com\/inicio\/wp-json\/wp\/v2\/comments?post=17908"}],"version-history":[{"count":1,"href":"https:\/\/www.elgrillitosuena.com\/inicio\/wp-json\/wp\/v2\/posts\/17908\/revisions"}],"predecessor-version":[{"id":17910,"href":"https:\/\/www.elgrillitosuena.com\/inicio\/wp-json\/wp\/v2\/posts\/17908\/revisions\/17910"}],"wp:featuredmedia":[{"embeddable":true,"href":"https:\/\/www.elgrillitosuena.com\/inicio\/wp-json\/wp\/v2\/media\/17909"}],"wp:attachment":[{"href":"https:\/\/www.elgrillitosuena.com\/inicio\/wp-json\/wp\/v2\/media?parent=17908"}],"wp:term":[{"taxonomy":"category","embeddable":true,"href":"https:\/\/www.elgrillitosuena.com\/inicio\/wp-json\/wp\/v2\/categories?post=17908"},{"taxonomy":"post_tag","embeddable":true,"href":"https:\/\/www.elgrillitosuena.com\/inicio\/wp-json\/wp\/v2\/tags?post=17908"}],"curies":[{"name":"wp","href":"https:\/\/api.w.org\/{rel}","templated":true}]}}