{"id":17768,"date":"2022-04-19T19:38:54","date_gmt":"2022-04-19T19:38:54","guid":{"rendered":"https:\/\/www.elgrillitosuena.com\/inicio\/?p=17768"},"modified":"2022-04-19T19:38:54","modified_gmt":"2022-04-19T19:38:54","slug":"realizaran-jornada-de-limpieza-y-desazolve-en-barranca-de-la-guerra-en-san-lorenzo","status":"publish","type":"post","link":"https:\/\/www.elgrillitosuena.com\/inicio\/noticias\/uruapan\/realizaran-jornada-de-limpieza-y-desazolve-en-barranca-de-la-guerra-en-san-lorenzo\/","title":{"rendered":"Realizar\u00e1n jornada de limpieza y desazolve  en barranca de La Guerra en San Lorenzo"},"content":{"rendered":"<p><img decoding=\"async\" loading=\"lazy\" class=\"alignnone  wp-image-17769\" src=\"https:\/\/www.elgrillitosuena.com\/inicio\/wp-content\/uploads\/2022\/04\/WhatsApp-Image-2022-04-19-at-2.31.31-PM-300x192.jpeg\" alt=\"\" width=\"684\" height=\"438\" srcset=\"https:\/\/www.elgrillitosuena.com\/inicio\/wp-content\/uploads\/2022\/04\/WhatsApp-Image-2022-04-19-at-2.31.31-PM-300x192.jpeg 300w, https:\/\/www.elgrillitosuena.com\/inicio\/wp-content\/uploads\/2022\/04\/WhatsApp-Image-2022-04-19-at-2.31.31-PM-1024x656.jpeg 1024w, https:\/\/www.elgrillitosuena.com\/inicio\/wp-content\/uploads\/2022\/04\/WhatsApp-Image-2022-04-19-at-2.31.31-PM-768x492.jpeg 768w, https:\/\/www.elgrillitosuena.com\/inicio\/wp-content\/uploads\/2022\/04\/WhatsApp-Image-2022-04-19-at-2.31.31-PM-1536x984.jpeg 1536w, https:\/\/www.elgrillitosuena.com\/inicio\/wp-content\/uploads\/2022\/04\/WhatsApp-Image-2022-04-19-at-2.31.31-PM.jpeg 1600w\" sizes=\"(max-width: 684px) 100vw, 684px\" \/><\/p>\n<p>Este viernes 22 de abril, autoridades municipales en coordinaci\u00f3n con la comunidad ind\u00edgena de San Lorenzo, realizar\u00e1n limpieza y desazolve en la barranca de La Guerra, como parte de las actividades que se tienen contempladas para conmemorar el \u201cD\u00eda Internacional de la Tierra\u201d.<\/p>\n<p>Esta actividad fue pactada durante una mesa de trabajo que sostuvieron directores y representantes de diferentes dependencias del gobierno municipal de Uruapan, con Tomas \u00c1ngel Bernab\u00e9, jefe de tenencia de la comunidad de San Lorenzo; quienes acordaron iniciar los trabajos en punto de las 9:00 horas, teniendo como punto de reuni\u00f3n la plaza principal de la localidad.<\/p>\n<p>Durante la asamblea Mart\u00edn Bernab\u00e9 Toribio, director de Asuntos Ind\u00edgenas -en compa\u00f1\u00eda de Jos\u00e9 Luis Rangel Rangel, regidor de Asuntos Ind\u00edgenas-, mencion\u00f3 que esta faena de limpieza ser\u00e1 s\u00f3lo la primera etapa de un proyecto integral que se tiene proyectado, el cual resolver\u00e1 la problem\u00e1tica de la basura en la barranca, disminuir\u00e1 la contaminaci\u00f3n del R\u00edo Cupatitzio y generar\u00e1 una mejor cultura ambiental en toda la comunidad.<\/p>\n<p>En este proyecto participar\u00e1n directamente las direcciones de Asuntos Ind\u00edgenas y Desarrollo Rural, de la Secretar\u00eda de Bienestar y Pol\u00edtica Social; Capasu, Obras P\u00fablicas, Sanidad y Limpia; la Secretar\u00eda de Servicios P\u00fablicos Municipales, la regidur\u00eda de Asuntos Ind\u00edgenas, Medio Ambiente de la Seduma y la comunidad ind\u00edgena de San Lorenzo.<\/p>\n","protected":false},"excerpt":{"rendered":"<p>Este viernes 22 de abril, autoridades municipales en coordinaci\u00f3n con la comunidad ind\u00edgena de San Lorenzo, realizar\u00e1n limpieza y desazolve en la barranca de La Guerra, como parte de las actividades que se tienen contempladas para conmemorar el \u201cD\u00eda Internacional de la Tierra\u201d. Esta actividad fue pactada durante una mesa de trabajo que sostuvieron directores &hellip;<\/p>\n","protected":false},"author":6,"featured_media":17769,"comment_status":"open","ping_status":"closed","sticky":false,"template":"","format":"standard","meta":[],"categories":[37],"tags":[4736,4735],"_links":{"self":[{"href":"https:\/\/www.elgrillitosuena.com\/inicio\/wp-json\/wp\/v2\/posts\/17768"}],"collection":[{"href":"https:\/\/www.elgrillitosuena.com\/inicio\/wp-json\/wp\/v2\/posts"}],"about":[{"href":"https:\/\/www.elgrillitosuena.com\/inicio\/wp-json\/wp\/v2\/types\/post"}],"author":[{"embeddable":true,"href":"https:\/\/www.elgrillitosuena.com\/inicio\/wp-json\/wp\/v2\/users\/6"}],"replies":[{"embeddable":true,"href":"https:\/\/www.elgrillitosuena.com\/inicio\/wp-json\/wp\/v2\/comments?post=17768"}],"version-history":[{"count":1,"href":"https:\/\/www.elgrillitosuena.com\/inicio\/wp-json\/wp\/v2\/posts\/17768\/revisions"}],"predecessor-version":[{"id":17770,"href":"https:\/\/www.elgrillitosuena.com\/inicio\/wp-json\/wp\/v2\/posts\/17768\/revisions\/17770"}],"wp:featuredmedia":[{"embeddable":true,"href":"https:\/\/www.elgrillitosuena.com\/inicio\/wp-json\/wp\/v2\/media\/17769"}],"wp:attachment":[{"href":"https:\/\/www.elgrillitosuena.com\/inicio\/wp-json\/wp\/v2\/media?parent=17768"}],"wp:term":[{"taxonomy":"category","embeddable":true,"href":"https:\/\/www.elgrillitosuena.com\/inicio\/wp-json\/wp\/v2\/categories?post=17768"},{"taxonomy":"post_tag","embeddable":true,"href":"https:\/\/www.elgrillitosuena.com\/inicio\/wp-json\/wp\/v2\/tags?post=17768"}],"curies":[{"name":"wp","href":"https:\/\/api.w.org\/{rel}","templated":true}]}}