{"id":17705,"date":"2022-04-19T14:37:06","date_gmt":"2022-04-19T14:37:06","guid":{"rendered":"https:\/\/www.elgrillitosuena.com\/inicio\/?p=17705"},"modified":"2022-04-19T14:37:06","modified_gmt":"2022-04-19T14:37:06","slug":"rusia-confirma-que-inicio-la-siguiente-fase-de-la-operacion-especial-contra-ucrania","status":"publish","type":"post","link":"https:\/\/www.elgrillitosuena.com\/inicio\/noticias\/mundo\/rusia-confirma-que-inicio-la-siguiente-fase-de-la-operacion-especial-contra-ucrania\/","title":{"rendered":"Rusia confirma que inici\u00f3 &#8216;la siguiente fase&#8217; de la &#8216;operaci\u00f3n especial&#8217; contra Ucrania"},"content":{"rendered":"<p><img decoding=\"async\" src=\"https:\/\/estaticos-cdn.prensaiberica.es\/clip\/191a5ea6-808a-4a57-b082-532eebe3a52c_16-9-discover-aspect-ratio_default_0.jpg\" alt=\"En directo | \u00daltima hora sobre la guerra Rusia - Ucrania\" \/><\/p>\n<p>El ministro de Exteriores de Rusia, Sergei Lavrov, afirm\u00f3 este martes que\u00a0el Ej\u00e9rcito ruso inici\u00f3 \u201cla siguiente fase\u201d de la \u201coperaci\u00f3n\u201d lanzada el 24 de febrero contra Ucrania, antes de se\u00f1alar que el objetivo es \u201cla liberaci\u00f3n total de las rep\u00fablicas de Donetsk y Lugansk\u201d.<\/p>\n<p>\u201cEsta operaci\u00f3n continuar\u00e1. La pr\u00f3xima fase de la misma est\u00e1 empezando ahora\u201d,\u00a0manifest\u00f3 Lavrov en una entrevista concedida al portal indio de noticias\u00a0<em>India Today.<\/em>\u00a0\u201cEstoy seguro de que ser\u00e1 un momento muy importante en la operaci\u00f3n especial\u201d, dijo.<\/p>\n<p>As\u00ed, recalc\u00f3 que \u201cla operaci\u00f3n en el este de Ucrania\u00a0est\u00e1 destinada, como se anunci\u00f3 desde el principio, a la liberaci\u00f3n de las rep\u00fablicas de Donetsk y Lugansk\u201d,\u00a0seg\u00fan la agencia rusa de noticias TASS.<\/p>\n<p>Lavrov apunt\u00f3 adem\u00e1s que la guerra \u201cest\u00e1 arraigada en el deseo de Estados Unidos y Occidente de liderar el mundo\u201d. \u201cQuieren mostrar al mundo que no habr\u00e1 multipolaridad ycrearon una plataforma de lanzamiento contra nosotros en nuestra frontera\u201d, argument\u00f3, en referencia a Ucrania. \u201cEnviaron armas a Ucrania\u201d, mencion\u00f3.<\/p>\n<p><img decoding=\"async\" src=\"https:\/\/editorial.aristeguinoticias.com\/wp-content\/uploads\/2022\/04\/rusia-ataques-donbas-ucrania.jpg\" \/><\/p>\n<p>Las palabras de Lavrov han llegado despu\u00e9s de que el presidente ucraniano<strong>, <\/strong>Volodimir Zelenski, se\u00f1alara el lunes que Mosc\u00fa ha iniciado su ofensiva a gran escala en el Donb\u00e1s. Asimismo, las Fuerzas Armadas ucranianas dijeron este martes que\u00a0Rusia intenta hacerse con \u201cel control total\u201d de las regiones de Donetsk y Lugansk.<\/p>\n<p>Zelenski afirm\u00f3 que \u201clas fuerzas rusas han iniciado la batalla por el Donb\u00e1s, para la que llevan tanto tiempo prepar\u00e1ndose\u201d. \u201cUna considerable cantidad de las fuerzas rusas est\u00e1n concentradas en esa ofensiva\u201d, agreg\u00f3.<\/p>\n<p>\u201cNo importa cu\u00e1ntos militares rusos traigan a la zona. Seguiremos luchando y defendi\u00e9ndonos.\u00a0Vamos a seguir haci\u00e9ndolo a diario. No vamos a rendirnos ni entregar nada que sea ucraniano, pero tampoco necesitamos nada que no sea nuestro\u201d, enfatiz\u00f3.<\/p>\n<p>La guerra estall\u00f3 el 24 de febrero tras la orden de invasi\u00f3n dada por el presidente de Rusia, Vladimir Putin, quien\u00a0d\u00edas antes hab\u00eda reconocido la independencia de las autoproclamadas rep\u00fablicas de Donetsk y Lugansk,\u00a0situadas en el este del pa\u00eds y epicentro de un conflicto desde 2014.<\/p>\n<p>Con informaci\u00f3n de Aristegui Noticias<\/p>\n","protected":false},"excerpt":{"rendered":"<p>El ministro de Exteriores de Rusia, Sergei Lavrov, afirm\u00f3 este martes que\u00a0el Ej\u00e9rcito ruso inici\u00f3 \u201cla siguiente fase\u201d de la \u201coperaci\u00f3n\u201d lanzada el 24 de febrero contra Ucrania, antes de se\u00f1alar que el objetivo es \u201cla liberaci\u00f3n total de las rep\u00fablicas de Donetsk y Lugansk\u201d. \u201cEsta operaci\u00f3n continuar\u00e1. La pr\u00f3xima fase de la misma est\u00e1 &hellip;<\/p>\n","protected":false},"author":6,"featured_media":17706,"comment_status":"open","ping_status":"closed","sticky":false,"template":"","format":"standard","meta":[],"categories":[40],"tags":[4724,4386],"_links":{"self":[{"href":"https:\/\/www.elgrillitosuena.com\/inicio\/wp-json\/wp\/v2\/posts\/17705"}],"collection":[{"href":"https:\/\/www.elgrillitosuena.com\/inicio\/wp-json\/wp\/v2\/posts"}],"about":[{"href":"https:\/\/www.elgrillitosuena.com\/inicio\/wp-json\/wp\/v2\/types\/post"}],"author":[{"embeddable":true,"href":"https:\/\/www.elgrillitosuena.com\/inicio\/wp-json\/wp\/v2\/users\/6"}],"replies":[{"embeddable":true,"href":"https:\/\/www.elgrillitosuena.com\/inicio\/wp-json\/wp\/v2\/comments?post=17705"}],"version-history":[{"count":1,"href":"https:\/\/www.elgrillitosuena.com\/inicio\/wp-json\/wp\/v2\/posts\/17705\/revisions"}],"predecessor-version":[{"id":17707,"href":"https:\/\/www.elgrillitosuena.com\/inicio\/wp-json\/wp\/v2\/posts\/17705\/revisions\/17707"}],"wp:featuredmedia":[{"embeddable":true,"href":"https:\/\/www.elgrillitosuena.com\/inicio\/wp-json\/wp\/v2\/media\/17706"}],"wp:attachment":[{"href":"https:\/\/www.elgrillitosuena.com\/inicio\/wp-json\/wp\/v2\/media?parent=17705"}],"wp:term":[{"taxonomy":"category","embeddable":true,"href":"https:\/\/www.elgrillitosuena.com\/inicio\/wp-json\/wp\/v2\/categories?post=17705"},{"taxonomy":"post_tag","embeddable":true,"href":"https:\/\/www.elgrillitosuena.com\/inicio\/wp-json\/wp\/v2\/tags?post=17705"}],"curies":[{"name":"wp","href":"https:\/\/api.w.org\/{rel}","templated":true}]}}