{"id":17442,"date":"2022-04-08T17:36:18","date_gmt":"2022-04-08T17:36:18","guid":{"rendered":"https:\/\/www.elgrillitosuena.com\/inicio\/?p=17442"},"modified":"2022-04-08T17:36:18","modified_gmt":"2022-04-08T17:36:18","slug":"ssp-arranca-operativo-interinstitucional-de-seguridad-para-semana-santa","status":"publish","type":"post","link":"https:\/\/www.elgrillitosuena.com\/inicio\/noticias\/michoacan\/ssp-arranca-operativo-interinstitucional-de-seguridad-para-semana-santa\/","title":{"rendered":"SSP arranca operativo interinstitucional de Seguridad para Semana Santa"},"content":{"rendered":"<p><img decoding=\"async\" loading=\"lazy\" class=\"alignnone  wp-image-17443\" src=\"https:\/\/www.elgrillitosuena.com\/inicio\/wp-content\/uploads\/2022\/04\/WhatsApp-Image-2022-04-08-at-12.11.28-PM-300x169.jpeg\" alt=\"\" width=\"747\" height=\"421\" srcset=\"https:\/\/www.elgrillitosuena.com\/inicio\/wp-content\/uploads\/2022\/04\/WhatsApp-Image-2022-04-08-at-12.11.28-PM-300x169.jpeg 300w, https:\/\/www.elgrillitosuena.com\/inicio\/wp-content\/uploads\/2022\/04\/WhatsApp-Image-2022-04-08-at-12.11.28-PM-768x432.jpeg 768w, https:\/\/www.elgrillitosuena.com\/inicio\/wp-content\/uploads\/2022\/04\/WhatsApp-Image-2022-04-08-at-12.11.28-PM.jpeg 1024w\" sizes=\"(max-width: 747px) 100vw, 747px\" \/><\/p>\n<p>La Secretar\u00eda de Seguridad P\u00fablica en coordinaci\u00f3n con la Guardia Nacional (GN), la Fiscal\u00eda General del Estado (FGE), la Polic\u00eda Municipal, la Cruz Roja y Protecci\u00f3n Civil, dio el banderazo de arranque del Operativo de Prevenci\u00f3n y Vigilancia para Semana Santa.<\/p>\n<p>\u201cEstamos estrechamente coordinados las distintas corporaciones con el pleno objetivo de garantizar la seguridad de los habitantes y los turistas en los sitios de recreaci\u00f3n culturales y religiosos que se ven con gran afluencia en estas fechas\u201d, asegur\u00f3 el secretario de Seguridad P\u00fablica.<\/p>\n<p><img decoding=\"async\" loading=\"lazy\" class=\"alignnone  wp-image-17444\" src=\"https:\/\/www.elgrillitosuena.com\/inicio\/wp-content\/uploads\/2022\/04\/WhatsApp-Image-2022-04-08-at-12.11.18-PM-300x200.jpeg\" alt=\"\" width=\"650\" height=\"433\" srcset=\"https:\/\/www.elgrillitosuena.com\/inicio\/wp-content\/uploads\/2022\/04\/WhatsApp-Image-2022-04-08-at-12.11.18-PM-300x200.jpeg 300w, https:\/\/www.elgrillitosuena.com\/inicio\/wp-content\/uploads\/2022\/04\/WhatsApp-Image-2022-04-08-at-12.11.18-PM-1024x682.jpeg 1024w, https:\/\/www.elgrillitosuena.com\/inicio\/wp-content\/uploads\/2022\/04\/WhatsApp-Image-2022-04-08-at-12.11.18-PM-768x512.jpeg 768w, https:\/\/www.elgrillitosuena.com\/inicio\/wp-content\/uploads\/2022\/04\/WhatsApp-Image-2022-04-08-at-12.11.18-PM-1536x1023.jpeg 1536w, https:\/\/www.elgrillitosuena.com\/inicio\/wp-content\/uploads\/2022\/04\/WhatsApp-Image-2022-04-08-at-12.11.18-PM.jpeg 1600w\" sizes=\"(max-width: 650px) 100vw, 650px\" \/><\/p>\n<p>Explic\u00f3 que el dispositivo de seguridad se desplegar\u00e1 con mil 800 efectivos en la periferia de la capital michoacana y municipios aleda\u00f1os, donde se concentra mayor n\u00famero de actividades en este per\u00edodo vacacional, a desarrollarse del 10 al 17 de abril.<\/p>\n<p>Asimismo, durante el arranque de las tareas de seguridad se determin\u00f3 una mayor presencia policial en las zonas de alta concentraci\u00f3n de turismo de religioso, en las playas y balnearios, los Azufres y en la reserva de Mariposa Monarca. De igual forma se instalar\u00e1n puestos de seguridad en los principales accesos al estado y en las ciudades de gran afluencia.<\/p>\n<p><img decoding=\"async\" loading=\"lazy\" class=\"alignnone  wp-image-17445\" src=\"https:\/\/www.elgrillitosuena.com\/inicio\/wp-content\/uploads\/2022\/04\/WhatsApp-Image-2022-04-08-at-12.11.20-PM-300x200.jpeg\" alt=\"\" width=\"647\" height=\"431\" srcset=\"https:\/\/www.elgrillitosuena.com\/inicio\/wp-content\/uploads\/2022\/04\/WhatsApp-Image-2022-04-08-at-12.11.20-PM-300x200.jpeg 300w, https:\/\/www.elgrillitosuena.com\/inicio\/wp-content\/uploads\/2022\/04\/WhatsApp-Image-2022-04-08-at-12.11.20-PM-1024x682.jpeg 1024w, https:\/\/www.elgrillitosuena.com\/inicio\/wp-content\/uploads\/2022\/04\/WhatsApp-Image-2022-04-08-at-12.11.20-PM-768x512.jpeg 768w, https:\/\/www.elgrillitosuena.com\/inicio\/wp-content\/uploads\/2022\/04\/WhatsApp-Image-2022-04-08-at-12.11.20-PM-1536x1023.jpeg 1536w, https:\/\/www.elgrillitosuena.com\/inicio\/wp-content\/uploads\/2022\/04\/WhatsApp-Image-2022-04-08-at-12.11.20-PM.jpeg 1600w\" sizes=\"(max-width: 647px) 100vw, 647px\" \/><\/p>\n<p>\u201cQueremos que los paseantes, comerciantes, habitantes se sientan en un ambiente seguro, por ello las labores se realizar\u00e1n en un ambiente de proximidad social, que se vea reflejado en una derrama econ\u00f3mica para el estado\u201d, detall\u00f3 el titular de SP.<\/p>\n<p>A trav\u00e9s de este despliegue de seguridad, la SSP reitera su compromiso por velar por la integridad de la poblaci\u00f3n y pone a disposici\u00f3n de la ciudadan\u00eda los n\u00fameros telef\u00f3nicos de emergencias 911 y 089 para reportar cualquier hecho que ponga en riesgo su integridad durante el per\u00edodo vacacional, a fin de recibir una atenci\u00f3n oportuna.<\/p>\n","protected":false},"excerpt":{"rendered":"<p>La Secretar\u00eda de Seguridad P\u00fablica en coordinaci\u00f3n con la Guardia Nacional (GN), la Fiscal\u00eda General del Estado (FGE), la Polic\u00eda Municipal, la Cruz Roja y Protecci\u00f3n Civil, dio el banderazo de arranque del Operativo de Prevenci\u00f3n y Vigilancia para Semana Santa. \u201cEstamos estrechamente coordinados las distintas corporaciones con el pleno objetivo de garantizar la seguridad &hellip;<\/p>\n","protected":false},"author":6,"featured_media":17443,"comment_status":"open","ping_status":"closed","sticky":false,"template":"","format":"standard","meta":[],"categories":[38],"tags":[4680,1297,2875,448],"_links":{"self":[{"href":"https:\/\/www.elgrillitosuena.com\/inicio\/wp-json\/wp\/v2\/posts\/17442"}],"collection":[{"href":"https:\/\/www.elgrillitosuena.com\/inicio\/wp-json\/wp\/v2\/posts"}],"about":[{"href":"https:\/\/www.elgrillitosuena.com\/inicio\/wp-json\/wp\/v2\/types\/post"}],"author":[{"embeddable":true,"href":"https:\/\/www.elgrillitosuena.com\/inicio\/wp-json\/wp\/v2\/users\/6"}],"replies":[{"embeddable":true,"href":"https:\/\/www.elgrillitosuena.com\/inicio\/wp-json\/wp\/v2\/comments?post=17442"}],"version-history":[{"count":1,"href":"https:\/\/www.elgrillitosuena.com\/inicio\/wp-json\/wp\/v2\/posts\/17442\/revisions"}],"predecessor-version":[{"id":17446,"href":"https:\/\/www.elgrillitosuena.com\/inicio\/wp-json\/wp\/v2\/posts\/17442\/revisions\/17446"}],"wp:featuredmedia":[{"embeddable":true,"href":"https:\/\/www.elgrillitosuena.com\/inicio\/wp-json\/wp\/v2\/media\/17443"}],"wp:attachment":[{"href":"https:\/\/www.elgrillitosuena.com\/inicio\/wp-json\/wp\/v2\/media?parent=17442"}],"wp:term":[{"taxonomy":"category","embeddable":true,"href":"https:\/\/www.elgrillitosuena.com\/inicio\/wp-json\/wp\/v2\/categories?post=17442"},{"taxonomy":"post_tag","embeddable":true,"href":"https:\/\/www.elgrillitosuena.com\/inicio\/wp-json\/wp\/v2\/tags?post=17442"}],"curies":[{"name":"wp","href":"https:\/\/api.w.org\/{rel}","templated":true}]}}