{"id":17347,"date":"2022-04-07T14:29:14","date_gmt":"2022-04-07T14:29:14","guid":{"rendered":"https:\/\/www.elgrillitosuena.com\/inicio\/?p=17347"},"modified":"2022-04-07T14:29:14","modified_gmt":"2022-04-07T14:29:14","slug":"amlo-abre-la-posibilidad-de-modificar-la-reforma-electrica-siempre-y-cuando-existan-coincidencias","status":"publish","type":"post","link":"https:\/\/www.elgrillitosuena.com\/inicio\/noticias\/mexico\/amlo-abre-la-posibilidad-de-modificar-la-reforma-electrica-siempre-y-cuando-existan-coincidencias\/","title":{"rendered":"AMLO abre la posibilidad de modificar la Reforma El\u00e9ctrica: \u201cSiempre y cuando existan coincidencias\u201d"},"content":{"rendered":"<p><img decoding=\"async\" src=\"https:\/\/heraldodemexico.com.mx\/u\/fotografias\/m\/2022\/4\/7\/f960x540-498142_572217_0.jpg\" alt=\"AMLO asegur\u00f3 que aprobar la Reforma El\u00e9ctrica es reparar un da\u00f1o que se ocasion\u00f3 en el periodo neoliberal.\" \/><\/p>\n<p>El presidente\u00a0Andr\u00e9s Manuel L\u00f3pez Obrador\u00a0abri\u00f3 en la Ma\u00f1anera de este jueves la posibilidad de avalar que el\u00a0Congreso de la Uni\u00f3n\u00a0realice\u00a0cambios\u00a0a su propuesta de\u00a0Reforma El\u00e9ctrica, tomando en cuenta la iniciativa que presentaron el mi\u00e9rcoles pasado las bancadas opositoras del PAN, PRI y PRD en la C\u00e1mara de Diputados, a fin de que la reforma constitucional sea aprobada.<\/p>\n<blockquote><p>\u201cS\u00ed, hay desde luego apertura siempre y cuando existan coincidencias. Hace falta la Reforma El\u00e9ctrica, es\u00a0reponer\u00a0un\u00a0procedimiento injusto, reparar\u00a0un\u00a0da\u00f1o que se ocasion\u00f3 en el periodo neoliberal en el cual mediante el autoritarismo, la antidemocracia, la corrupci\u00f3n se modificaban las leyes para beneficio de grupos de intereses creados en contra de los intereses del pueblo\u201d.<\/p><\/blockquote>\n<p>Por ello, llam\u00f3 nuevamente al\u00a0PRI\u00a0a definirse y a sus integrantes a rebelarse de sus l\u00edderes para aprobar la reforma, a fin de continuar el legado de los expresidentes\u00a0L\u00e1zaro C\u00e1rdenas\u00a0y\u00a0Adolfo L\u00f3pez Mateos\u00a0sobre la defensa de los recursos de la naci\u00f3n a favor del pueblo y no de una minor\u00eda de particulares.<\/p>\n<p>Cuestion\u00f3 \u201cqu\u00e9 tiene que ver Alejandro Moreno con este pensamiento si votan en favor de las empresas, o el jefe pol\u00edtico del PRI,\u00a0Rub\u00e9n Moreira\u201d, en reclamo de que el PRI declar\u00f3 ayer que, a pesar de tener algunas coincidencias con la iniciativa del presidente L\u00f3pez Obrador, no son suficientes para avalarla.<\/p>\n<p>En torno al crimen en contra del periodista del portal\u00a0<em>Testigo Minero<\/em>,\u00a0Juan Carlos Mu\u00f1iz, el pasado 4 de marzo en Fresnillo, Zacatecas, hay una persona aprehendida.<\/p>\n<p>Adem\u00e1s, sobre el asesinato de\u00a0Armando Linares L\u00f3pez, del\u00a0<em>Monitor Michoac\u00e1n<\/em>, el pasado 15 de marzo en Zit\u00e1cuaro, Michoac\u00e1n, las autoridades indicaron que hay 3 presuntos responsables identificados, de los cuales la Fiscal\u00eda estatal ofrece recompensa por 2 de \u00e9stos.<\/p>\n<p>Rodr\u00edguez Vel\u00e1zquez asegur\u00f3 que continuar\u00e1n las indagatorias de cada uno de estos cr\u00edmenes cometidos en el presente a\u00f1o para dar con los responsables, esclarecer los hechos y hacer justicia.<\/p>\n<blockquote><p>En todos los casos hay avances y ninguna de las carpetas est\u00e1 cerrada y se continuar\u00e1 hasta llegar a las \u00faltimas evidencias de las investigaciones\u201d, coment\u00f3.<\/p><\/blockquote>\n<p>Sin embargo, organizaciones han informado que adem\u00e1s de los seis periodistas asesinados antes mencionados, tambi\u00e9n est\u00e1n los casos de\u00a0Roberto Toledo, del\u00a0<em>Monitor Michoac\u00e1n<\/em>, asesinado el 31 de enero, as\u00ed como el de\u00a0Jorge Luis Camero, de\u00a0<em>El Informativo<\/em>, ocurrido el 2 de febrero.<\/p>\n<h2>&#8220;Del PAN no se espera mucho&#8221;: AMLO<\/h2>\n<p>\u201cPor qu\u00e9 mencion\u00e9 al se\u00f1or Rub\u00e9n Moreira, porque propone buscar coincidencias y de 12 aspectos de la reforma dicen estar de acuerdo con seis. Desde luego es un avance, pero no hab\u00eda pasado ni una hora y ya estaba declarando que ni as\u00ed porque ya est\u00e1n pensando en definirse en favor de las empresas extranjeras\u201d, indic\u00f3 el jefe del Ejecutivo Federal, y agreg\u00f3:<\/p>\n<blockquote><p>\u201cOjal\u00e1 y cambien de parecer, pero sobre todo los legisladores que act\u00faen con independencia, y repito, que tengan la arrogancia de sentirse libres y rebelarse y pensar que la patria es primero. Eso es lo que est\u00e1 ahora en debate\u201d, dijo AMLO.<\/p><\/blockquote>\n<p>En el caso del PAN, dijo,\u00a0\u201cno se puede esperar mucho\u201d,\u00a0pues se\u00f1al\u00f3 que ese partido surgi\u00f3 para defender los intereses de particulares, de empresas nacionales y extranjeras, y que no hay que olvidar nace en 1939, un a\u00f1o despu\u00e9s de la expropiaci\u00f3n petrolera para oponerse en a la pol\u00edtica del general C\u00e1rdenas.<\/p>\n<blockquote><p>\u201cEs un partido, desde sus or\u00edgenes conservador; incluso hay quienes han estudiado al partido y lo vinculan con grupos o con el pensamiento nazi- fascista. Eso es tema de discusi\u00f3n, debate\u201d, dijo.<\/p><\/blockquote>\n<p>Con informaci\u00f3n de Heraldo de M\u00e9xico<\/p>\n","protected":false},"excerpt":{"rendered":"<p>El presidente\u00a0Andr\u00e9s Manuel L\u00f3pez Obrador\u00a0abri\u00f3 en la Ma\u00f1anera de este jueves la posibilidad de avalar que el\u00a0Congreso de la Uni\u00f3n\u00a0realice\u00a0cambios\u00a0a su propuesta de\u00a0Reforma El\u00e9ctrica, tomando en cuenta la iniciativa que presentaron el mi\u00e9rcoles pasado las bancadas opositoras del PAN, PRI y PRD en la C\u00e1mara de Diputados, a fin de que la reforma constitucional sea &hellip;<\/p>\n","protected":false},"author":6,"featured_media":17348,"comment_status":"open","ping_status":"closed","sticky":false,"template":"","format":"standard","meta":[],"categories":[39],"tags":[98,2863],"_links":{"self":[{"href":"https:\/\/www.elgrillitosuena.com\/inicio\/wp-json\/wp\/v2\/posts\/17347"}],"collection":[{"href":"https:\/\/www.elgrillitosuena.com\/inicio\/wp-json\/wp\/v2\/posts"}],"about":[{"href":"https:\/\/www.elgrillitosuena.com\/inicio\/wp-json\/wp\/v2\/types\/post"}],"author":[{"embeddable":true,"href":"https:\/\/www.elgrillitosuena.com\/inicio\/wp-json\/wp\/v2\/users\/6"}],"replies":[{"embeddable":true,"href":"https:\/\/www.elgrillitosuena.com\/inicio\/wp-json\/wp\/v2\/comments?post=17347"}],"version-history":[{"count":1,"href":"https:\/\/www.elgrillitosuena.com\/inicio\/wp-json\/wp\/v2\/posts\/17347\/revisions"}],"predecessor-version":[{"id":17349,"href":"https:\/\/www.elgrillitosuena.com\/inicio\/wp-json\/wp\/v2\/posts\/17347\/revisions\/17349"}],"wp:featuredmedia":[{"embeddable":true,"href":"https:\/\/www.elgrillitosuena.com\/inicio\/wp-json\/wp\/v2\/media\/17348"}],"wp:attachment":[{"href":"https:\/\/www.elgrillitosuena.com\/inicio\/wp-json\/wp\/v2\/media?parent=17347"}],"wp:term":[{"taxonomy":"category","embeddable":true,"href":"https:\/\/www.elgrillitosuena.com\/inicio\/wp-json\/wp\/v2\/categories?post=17347"},{"taxonomy":"post_tag","embeddable":true,"href":"https:\/\/www.elgrillitosuena.com\/inicio\/wp-json\/wp\/v2\/tags?post=17347"}],"curies":[{"name":"wp","href":"https:\/\/api.w.org\/{rel}","templated":true}]}}