{"id":17325,"date":"2022-04-06T17:17:34","date_gmt":"2022-04-06T17:17:34","guid":{"rendered":"https:\/\/www.elgrillitosuena.com\/inicio\/?p=17325"},"modified":"2022-04-06T17:17:34","modified_gmt":"2022-04-06T17:17:34","slug":"guerra-rusia-ucrania-onu-no-hizo-bien-su-trabajo-senala-amlo","status":"publish","type":"post","link":"https:\/\/www.elgrillitosuena.com\/inicio\/noticias\/mexico\/guerra-rusia-ucrania-onu-no-hizo-bien-su-trabajo-senala-amlo\/","title":{"rendered":"Guerra Rusia-Ucrania: &#8220;ONU no hizo bien su trabajo&#8221;, se\u00f1ala AMLO"},"content":{"rendered":"<p><img decoding=\"async\" src=\"https:\/\/www.radioformula.com.mx\/u\/fotografias\/m\/2022\/4\/6\/f960x540-329844_403919_24.jpg\" alt=\"ONU votar\u00e1n sobre suspensi\u00f3n de Rusia de Consejo de Derechos Humanos.\" \/><\/p>\n<p>El presidente\u00a0Andr\u00e9s Manuel L\u00f3pez Obrador\u00a0(AMLO) sostuvo que la Organizaci\u00f3n de las Naciones Unidas (ONU) no hizo bien su trabajo toda vez que &#8216;estall\u00f3&#8217; la\u00a0guerra entre Rusia y Ucrania.<\/p>\n<p>&#8220;Por\u00a0falla de la pol\u00edtica hay guerra, la pol\u00edtica se invent\u00f3 para evitar la guerra y en esa guerra fall\u00f3 la pol\u00edtica (&#8230;). Yo creo que la ONU no hizo bien su trabajo&#8221;, dijo en la &#8216;ma\u00f1anera&#8217; de este mi\u00e9rcoles.<\/p>\n<p>En ese sentido, el mandatario federal apunt\u00f3 que ambas naciones todav\u00eda est\u00e1n a tiempo para sentarse a fin de que se alcance el di\u00e1logo.<\/p>\n<p>Adem\u00e1s, indic\u00f3 que la postura de M\u00e9xico ante el conflicto b\u00e9lico en Europa es condenar la invasi\u00f3n.<\/p>\n<p>\u201cNuestra postura es la de condenar la invasi\u00f3n porque nosotros hemos padecido de invasiones (&#8230;)\u00a0 consideramos que no debe de haber guerras, estamos en contra de las guerras, estamos por buscar soluciones pac\u00edficas\u201d, a\u00f1adi\u00f3.<\/p>\n<p>L\u00f3pez Obrador adelant\u00f3 que grabar\u00e1 un mensaje condenando la invasi\u00f3n en Ucrania, el cual ser\u00e1 transmitida en teleconferencia con funcionarios de la Uni\u00f3n Europea.<\/p>\n<h2>ONU votar\u00e1 suspensi\u00f3n de Rusia<\/h2>\n<p>La Asamblea General de la ONU, compuesta por los 193 Estados miembros de la organizaci\u00f3n, se reunir\u00e1n el pr\u00f3ximo jueves en Nueva York para votar sobre el pedido de suspender a Rusia del Consejo de Derechos Humanos, confirm\u00f3 hoy un portavoz de este organismo.<\/p>\n<p>Los promotores de la suspensi\u00f3n de Rusia han circulado un proyecto de resoluci\u00f3n que se\u00f1ala: &#8220;Se decide suspender los derechos de membres\u00eda del Consejo de Derechos Humanos de la Federaci\u00f3n de Rusia&#8221;.<\/p>\n<p>Varios episodios de la\u00a0guerra en Ucrania\u00a0que se han atribuido a las fuerzas rusas pueden constituir cr\u00edmenes de guerra, seg\u00fan han se\u00f1alado organismos especializados de Naciones Unidas.<\/p>\n<p>Con informaci\u00f3n de Radio F\u00f3rmula<\/p>\n","protected":false},"excerpt":{"rendered":"<p>El presidente\u00a0Andr\u00e9s Manuel L\u00f3pez Obrador\u00a0(AMLO) sostuvo que la Organizaci\u00f3n de las Naciones Unidas (ONU) no hizo bien su trabajo toda vez que &#8216;estall\u00f3&#8217; la\u00a0guerra entre Rusia y Ucrania. &#8220;Por\u00a0falla de la pol\u00edtica hay guerra, la pol\u00edtica se invent\u00f3 para evitar la guerra y en esa guerra fall\u00f3 la pol\u00edtica (&#8230;). Yo creo que la ONU &hellip;<\/p>\n","protected":false},"author":6,"featured_media":17326,"comment_status":"open","ping_status":"closed","sticky":false,"template":"","format":"standard","meta":[],"categories":[39,40],"tags":[98,260,125],"_links":{"self":[{"href":"https:\/\/www.elgrillitosuena.com\/inicio\/wp-json\/wp\/v2\/posts\/17325"}],"collection":[{"href":"https:\/\/www.elgrillitosuena.com\/inicio\/wp-json\/wp\/v2\/posts"}],"about":[{"href":"https:\/\/www.elgrillitosuena.com\/inicio\/wp-json\/wp\/v2\/types\/post"}],"author":[{"embeddable":true,"href":"https:\/\/www.elgrillitosuena.com\/inicio\/wp-json\/wp\/v2\/users\/6"}],"replies":[{"embeddable":true,"href":"https:\/\/www.elgrillitosuena.com\/inicio\/wp-json\/wp\/v2\/comments?post=17325"}],"version-history":[{"count":1,"href":"https:\/\/www.elgrillitosuena.com\/inicio\/wp-json\/wp\/v2\/posts\/17325\/revisions"}],"predecessor-version":[{"id":17327,"href":"https:\/\/www.elgrillitosuena.com\/inicio\/wp-json\/wp\/v2\/posts\/17325\/revisions\/17327"}],"wp:featuredmedia":[{"embeddable":true,"href":"https:\/\/www.elgrillitosuena.com\/inicio\/wp-json\/wp\/v2\/media\/17326"}],"wp:attachment":[{"href":"https:\/\/www.elgrillitosuena.com\/inicio\/wp-json\/wp\/v2\/media?parent=17325"}],"wp:term":[{"taxonomy":"category","embeddable":true,"href":"https:\/\/www.elgrillitosuena.com\/inicio\/wp-json\/wp\/v2\/categories?post=17325"},{"taxonomy":"post_tag","embeddable":true,"href":"https:\/\/www.elgrillitosuena.com\/inicio\/wp-json\/wp\/v2\/tags?post=17325"}],"curies":[{"name":"wp","href":"https:\/\/api.w.org\/{rel}","templated":true}]}}