{"id":17260,"date":"2022-04-05T18:46:32","date_gmt":"2022-04-05T18:46:32","guid":{"rendered":"https:\/\/www.elgrillitosuena.com\/inicio\/?p=17260"},"modified":"2022-04-05T18:46:32","modified_gmt":"2022-04-05T18:46:32","slug":"proponen-mayor-representacion-politica-de-poblacion-lgbttti","status":"publish","type":"post","link":"https:\/\/www.elgrillitosuena.com\/inicio\/noticias\/mexico\/proponen-mayor-representacion-politica-de-poblacion-lgbttti\/","title":{"rendered":"Proponen mayor representaci\u00f3n pol\u00edtica de poblaci\u00f3n LGBTTTI"},"content":{"rendered":"<p><img decoding=\"async\" src=\"https:\/\/cdn2.excelsior.com.mx\/media\/styles\/image800x600\/public\/pictures\/2022\/04\/05\/2738987.jpg\" \/><\/p>\n<p>Los partidos pol\u00edticos deber\u00e1n postular al menos tres candidatos a diputados locales de\u00a0la comunidad LGBTTTIy en el Instituto Electoral de la Ciudad de M\u00e9xico, deber\u00e1 haber un consejero de esta comunidad, as\u00ed como un magistrado de la misma en el Tribunal Electoral de la CDMX, as\u00ed lo propuso en el congreso local, el diputado Jes\u00fas Sesma, de la Asociaci\u00f3n Parlamentaria Alianza Verde Juntos por la Ciudad.<\/p>\n<blockquote><p>\u201cNo se trata s\u00f3lo de llevar a la Ciudad de M\u00e9xico a ese primer\u00edsimo lugar que ya ocupa en materia de reconocimiento y protecci\u00f3n de estos derechos, sino de hacer justicia a todas estas personas\u2026por ellas aprobemos esta iniciativa para que se pueda hacer realidad a partir del pr\u00f3ximo proceso electoral\u201d dijo Sesma ante el pleno del congreso local.<\/p><\/blockquote>\n<p>Su iniciativa implica una reforma a la Constituci\u00f3n de la Ciudad de M\u00e9xico, para que todos los partidos est\u00e9n obligados a postular al menos a dos candidatos de la comunidad LGBTTI a diputados de mayor\u00eda relativa, as\u00ed como al menos un candidato a diputado plurinominal, que debe estar en los primeros diez lugares de la lista A de candidatos a diputados plurinominales.<\/p>\n<p>La iniciativa tambi\u00e9n implica que el Senado deber\u00e1 \u201cincluir a cuando menos una persona LGBTTTI, que actuar\u00e1n en forma colegiada y durar\u00e1n siete a\u00f1os en su encargo\u201d como magistrado o magistrada del Tribunal Electoral de la Ciudad de M\u00e9xico.<\/p>\n<p>Y el Consejo General del INE \u201cdeber\u00e1 incluir a cuando menos una persona LGBTTTI\u201d entre los consejeros electorales del Instituto Electoral de la Ciudad de M\u00e9xico.<\/p>\n<p>Sesma expuso en tribuna que esta reforma a la constituci\u00f3n local permitir\u00e1 \u201cno s\u00f3lo visibilizarlos -a la comunidad LGBTTI- sino tambi\u00e9n sensibilizar a la sociedad sobre los graves problemas que sufren en el \u00e1mbito familiar, laboral, escolar, por mencionar s\u00f3lo algunos\u201d.<\/p>\n<p>E insisti\u00f3 en que las personas de esta comunidad \u201cdeben tener acceso a los cargos de elecci\u00f3n popular, para que su visi\u00f3n social, cultural, pol\u00edtica y de toda \u00edndole&#8221; tenga espacios de representaci\u00f3n pol\u00edtica, donde manifestarse.<\/p>\n<p>Con informaci\u00f3n de Exc\u00e9lsior<\/p>\n","protected":false},"excerpt":{"rendered":"<p>Los partidos pol\u00edticos deber\u00e1n postular al menos tres candidatos a diputados locales de\u00a0la comunidad LGBTTTIy en el Instituto Electoral de la Ciudad de M\u00e9xico, deber\u00e1 haber un consejero de esta comunidad, as\u00ed como un magistrado de la misma en el Tribunal Electoral de la CDMX, as\u00ed lo propuso en el congreso local, el diputado Jes\u00fas &hellip;<\/p>\n","protected":false},"author":6,"featured_media":17261,"comment_status":"open","ping_status":"closed","sticky":false,"template":"","format":"standard","meta":[],"categories":[39],"tags":[1801,4639,807],"_links":{"self":[{"href":"https:\/\/www.elgrillitosuena.com\/inicio\/wp-json\/wp\/v2\/posts\/17260"}],"collection":[{"href":"https:\/\/www.elgrillitosuena.com\/inicio\/wp-json\/wp\/v2\/posts"}],"about":[{"href":"https:\/\/www.elgrillitosuena.com\/inicio\/wp-json\/wp\/v2\/types\/post"}],"author":[{"embeddable":true,"href":"https:\/\/www.elgrillitosuena.com\/inicio\/wp-json\/wp\/v2\/users\/6"}],"replies":[{"embeddable":true,"href":"https:\/\/www.elgrillitosuena.com\/inicio\/wp-json\/wp\/v2\/comments?post=17260"}],"version-history":[{"count":1,"href":"https:\/\/www.elgrillitosuena.com\/inicio\/wp-json\/wp\/v2\/posts\/17260\/revisions"}],"predecessor-version":[{"id":17262,"href":"https:\/\/www.elgrillitosuena.com\/inicio\/wp-json\/wp\/v2\/posts\/17260\/revisions\/17262"}],"wp:featuredmedia":[{"embeddable":true,"href":"https:\/\/www.elgrillitosuena.com\/inicio\/wp-json\/wp\/v2\/media\/17261"}],"wp:attachment":[{"href":"https:\/\/www.elgrillitosuena.com\/inicio\/wp-json\/wp\/v2\/media?parent=17260"}],"wp:term":[{"taxonomy":"category","embeddable":true,"href":"https:\/\/www.elgrillitosuena.com\/inicio\/wp-json\/wp\/v2\/categories?post=17260"},{"taxonomy":"post_tag","embeddable":true,"href":"https:\/\/www.elgrillitosuena.com\/inicio\/wp-json\/wp\/v2\/tags?post=17260"}],"curies":[{"name":"wp","href":"https:\/\/api.w.org\/{rel}","templated":true}]}}