{"id":17257,"date":"2022-04-05T18:24:42","date_gmt":"2022-04-05T18:24:42","guid":{"rendered":"https:\/\/www.elgrillitosuena.com\/inicio\/?p=17257"},"modified":"2022-04-05T18:24:42","modified_gmt":"2022-04-05T18:24:42","slug":"amlo-anuncia-reunion-con-el-primer-ministro-de-canada-justin-trudeau","status":"publish","type":"post","link":"https:\/\/www.elgrillitosuena.com\/inicio\/noticias\/mexico\/amlo-anuncia-reunion-con-el-primer-ministro-de-canada-justin-trudeau\/","title":{"rendered":"AMLO anuncia reuni\u00f3n con el primer ministro de Canad\u00e1, Justin Trudeau"},"content":{"rendered":"<p><img decoding=\"async\" src=\"https:\/\/www.elsoldemexico.com.mx\/mexico\/politica\/s8olyw-reunion-amlo-tradeau.jpg\/alternates\/LANDSCAPE_768\/reunion%20amlo%20tradeau.jpg\" \/><\/p>\n<div class=\"content-body clearfix \">\n<div id=\"content-body-225-8093820\">\n<p>El presidente\u00a0Andr\u00e9s Manuel L\u00f3pez Obrador\u00a0adelant\u00f3 que este martes tendr\u00e1 una llamada con\u00a0Justin Trudeau, primer ministro de Canad\u00e1, as\u00ed como una entrevista con\u00a0Tom Vilsack, el secretario de agricultura de los\u00a0Estados Unidos.<\/p>\n<\/div>\n<\/div>\n<article class=\"content-continued-body clearfix \">\n<div id=\"content-body-5851641-8093820\">\n<p>L\u00f3pez Obrador\u00a0se reserv\u00f3 los temas a tratar con el primer ministro canadiense, no obstante es de mencionar que las empresas de energ\u00eda canadienses tienen fuerte presencia en\u00a0M\u00e9xico\u00a0y probablemente se trate el tema de la reforma el\u00e9ctrica que est\u00e1 en el\u00a0Congreso\u00a0en estos momentos.<\/p>\n<p>\u201c\u00c9l la pidi\u00f3 (la reuni\u00f3n) y es muy buena la relaci\u00f3n con el gobierno de Canad\u00e1, como con el gobierno de Estados Unidos, y vamos a conversar con \u00e9l\u201d, indic\u00f3 el mandatario federal.<\/p>\n<p>Por otro lado,\u00a0L\u00f3pez Obrador\u00a0expres\u00f3 que tiene previsto encontrarse con\u00a0Tom Vilsack, secretario de agricultura de\u00a0Estados Unidos.<\/p>\n<p>Adem\u00e1s revel\u00f3 que durante la tarde de este martes con empresarios de Nuevo Le\u00f3n, derivado de una solicitud del gobernador,\u00a0Samuel Garc\u00eda, para conversar sobre el tema del agua.<\/p>\n<p>\u201cEs una reuni\u00f3n que vamos a tener con ellos, es una asociaci\u00f3n de industriales de\u00a0Nuevo Le\u00f3n, van a estar con nosotros, esa es la agenda para hoy\u201d, dijo el presidente.<\/p>\n<p>Es de recordar que el mandatario propuso que sean los empresarios de ese estado quienes pueden apoyar a la poblaci\u00f3n con agua de sus pozos para contribuir a disminuir la crisis de agua en la\u00a0Ciudad de Monterrey.<\/p>\n<p>Finalmente, expres\u00f3 que se reunir\u00e1 con un grupo de empresarios del\u00a0Grupo Monterrey, uno de los bloques industriales m\u00e1s importante, dentro de los temas a tratar se encuentran las firmas\u00a0Gruma,\u00a0Oxxo,\u00a0Cemex\u00a0y\u00a0Frisa, entre otras.<\/p>\n<p>Con informaci\u00f3n de El Sol de M\u00e9xico<\/p>\n<\/div>\n<\/article>\n","protected":false},"excerpt":{"rendered":"<p>El presidente\u00a0Andr\u00e9s Manuel L\u00f3pez Obrador\u00a0adelant\u00f3 que este martes tendr\u00e1 una llamada con\u00a0Justin Trudeau, primer ministro de Canad\u00e1, as\u00ed como una entrevista con\u00a0Tom Vilsack, el secretario de agricultura de los\u00a0Estados Unidos. L\u00f3pez Obrador\u00a0se reserv\u00f3 los temas a tratar con el primer ministro canadiense, no obstante es de mencionar que las empresas de energ\u00eda canadienses tienen fuerte &hellip;<\/p>\n","protected":false},"author":6,"featured_media":17258,"comment_status":"open","ping_status":"closed","sticky":false,"template":"","format":"standard","meta":[],"categories":[39],"tags":[98,959,3296,156],"_links":{"self":[{"href":"https:\/\/www.elgrillitosuena.com\/inicio\/wp-json\/wp\/v2\/posts\/17257"}],"collection":[{"href":"https:\/\/www.elgrillitosuena.com\/inicio\/wp-json\/wp\/v2\/posts"}],"about":[{"href":"https:\/\/www.elgrillitosuena.com\/inicio\/wp-json\/wp\/v2\/types\/post"}],"author":[{"embeddable":true,"href":"https:\/\/www.elgrillitosuena.com\/inicio\/wp-json\/wp\/v2\/users\/6"}],"replies":[{"embeddable":true,"href":"https:\/\/www.elgrillitosuena.com\/inicio\/wp-json\/wp\/v2\/comments?post=17257"}],"version-history":[{"count":1,"href":"https:\/\/www.elgrillitosuena.com\/inicio\/wp-json\/wp\/v2\/posts\/17257\/revisions"}],"predecessor-version":[{"id":17259,"href":"https:\/\/www.elgrillitosuena.com\/inicio\/wp-json\/wp\/v2\/posts\/17257\/revisions\/17259"}],"wp:featuredmedia":[{"embeddable":true,"href":"https:\/\/www.elgrillitosuena.com\/inicio\/wp-json\/wp\/v2\/media\/17258"}],"wp:attachment":[{"href":"https:\/\/www.elgrillitosuena.com\/inicio\/wp-json\/wp\/v2\/media?parent=17257"}],"wp:term":[{"taxonomy":"category","embeddable":true,"href":"https:\/\/www.elgrillitosuena.com\/inicio\/wp-json\/wp\/v2\/categories?post=17257"},{"taxonomy":"post_tag","embeddable":true,"href":"https:\/\/www.elgrillitosuena.com\/inicio\/wp-json\/wp\/v2\/tags?post=17257"}],"curies":[{"name":"wp","href":"https:\/\/api.w.org\/{rel}","templated":true}]}}