{"id":17252,"date":"2022-04-05T17:01:27","date_gmt":"2022-04-05T17:01:27","guid":{"rendered":"https:\/\/www.elgrillitosuena.com\/inicio\/?p=17252"},"modified":"2022-04-05T17:01:27","modified_gmt":"2022-04-05T17:01:27","slug":"tren-maya-no-nos-van-a-chantajear-para-liberar-vias-advierte-amlo-y-anuncia-juicios","status":"publish","type":"post","link":"https:\/\/www.elgrillitosuena.com\/inicio\/noticias\/mexico\/tren-maya-no-nos-van-a-chantajear-para-liberar-vias-advierte-amlo-y-anuncia-juicios\/","title":{"rendered":"Tren Maya: No nos van a chantajear para liberar v\u00edas, advierte AMLO y anuncia juicios"},"content":{"rendered":"<p><img decoding=\"async\" src=\"https:\/\/cdn-3.expansion.mx\/fc\/5a\/86758e664a4aaf30faaa6938d2a3\/amlo-tren-maya.jpeg\" alt=\"AMLO reta a la autoridad electoral y difunde avances del Tren Maya\" \/><\/p>\n<p>Ante la existencia de obst\u00e1culos para finalizar la construcci\u00f3n en diversos tramo del\u00a0Tren Maya, el presidente\u00a0Andr\u00e9s Manuel L\u00f3pez Obrador\u00a0asegur\u00f3 que su\u00a0gesti\u00f3n no se dejar\u00e1 chantajear, por lo que recurrir\u00e1 a recursos legales.<\/p>\n<p>\u201cOjal\u00e1 recapaciten los que est\u00e1n pensando que van a ponernos contra la pared, que como faltan esos peque\u00f1os tramos nos van a chantajear y les vamos a dar todo el dinero que piden, no se hagan ilusiones (&#8230;). Nos vamos a procedimientos legales\u201d, coment\u00f3 en la &#8216;ma\u00f1anera&#8217;.<\/p>\n<p>Asimismo, pidi\u00f3 a aquellos que obstaculizan la construcci\u00f3n del Tren Maya que no se hagan ilusiones porque, afirm\u00f3, su Gobierno no les otorgar\u00e1 el dinero que demandan.<\/p>\n<p>El mandatario mexicano indic\u00f3 que solo el 2 por ciento de la liberaci\u00f3n de v\u00edas est\u00e1 pendiente para consolidar la realizaci\u00f3n del tren.<\/p>\n<p>\u201c\u00bfD\u00f3nde creen que tenemos m\u00e1s obst\u00e1culos para conseguir el derecho de v\u00eda? Cuando estamos m\u00e1s cerca de las ciudades (&#8230;), no quieren, por ejemplo, aceptar los aval\u00faos y se amparan porque quieren hacer su agosto, pero ya puedo decir hoy que debemos de tener pendiente de liberaci\u00f3n del derecho de v\u00eda, de los mil 500 km, como 30 km, como un 2 por ciento. Ya est\u00e1 todo liberado\u201d, expuso.<\/p>\n<p>En ese sentido, dijo que \u2018presionar\u00e1\u2019 al poder Judicial para que resuelva pronto los amparos que sean ingresados debido a que hay quienes han optado por promover t\u00e1cticas dilatorias de abogados.<\/p>\n<h2>Tren Maya: \u00bfpor d\u00f3nde pasar\u00e1?<\/h2>\n<p>Se prev\u00e9 que el Tren Maya sea inaugurado en diciembre de 2023. Los ocho tramos que integran la obra son:<\/p>\n<ul>\n<li>Tramo 1: Palenque \u2013 Esc\u00e1rcega, 228 kil\u00f3metros aproximadamente.<\/li>\n<li>Tramo 2: Esc\u00e1rcega \u2013 Calkin\u00ed, 235 kil\u00f3metros aproximadamente.<\/li>\n<li>Tramo 3: Calkin\u00ed \u2013 Izamal, 172 kil\u00f3metros aproximadamente.<\/li>\n<li>Tramo 4: Izamal \u2013 Canc\u00fan, 257kil\u00f3metros aproximadamente.<\/li>\n<li>Tramo 5 Norte: Canc\u00fan \u2013 Playa del Carmen, 49.8 kil\u00f3metros aproximadamente.<\/li>\n<li>Tramo 5 Sur: Playa del Carmen \u2013 Tulum, 60.3 kil\u00f3metros aproximadamente<\/li>\n<li>Tramo 6: Tulum \u2013 Bacalar, 254 kil\u00f3metros aproximadamente<\/li>\n<li>Tramo 7: Bacalar \u2013 Esc\u00e1rcega, 287 kil\u00f3metros aproximadamente<\/li>\n<\/ul>\n<p>L\u00f3pez Obrador reafirm\u00f3 que la justicia debe ser pronta y expedita. Apunt\u00f3 tambi\u00e9n que quienes se oponen a la obra insignia de la Cuarta Transformaci\u00f3n (4T) son oportunistas, mercenarios y solo algunos son ambientalistas.<\/p>\n<p>\u201cSon de medios de comunicaci\u00f3n y gente sin escr\u00fapulos morales de ninguna \u00edndole, pero vamos adelante\u201d, conf\u00edo el presidente L\u00f3pez Obrador sobre la construcci\u00f3n del\u00a0Tren Maya.<\/p>\n<p>Con informaci\u00f3n de Radio F\u00f3rmula<\/p>\n","protected":false},"excerpt":{"rendered":"<p>Ante la existencia de obst\u00e1culos para finalizar la construcci\u00f3n en diversos tramo del\u00a0Tren Maya, el presidente\u00a0Andr\u00e9s Manuel L\u00f3pez Obrador\u00a0asegur\u00f3 que su\u00a0gesti\u00f3n no se dejar\u00e1 chantajear, por lo que recurrir\u00e1 a recursos legales. \u201cOjal\u00e1 recapaciten los que est\u00e1n pensando que van a ponernos contra la pared, que como faltan esos peque\u00f1os tramos nos van a chantajear &hellip;<\/p>\n","protected":false},"author":6,"featured_media":17253,"comment_status":"open","ping_status":"closed","sticky":false,"template":"","format":"standard","meta":[],"categories":[39],"tags":[98,806,1554],"_links":{"self":[{"href":"https:\/\/www.elgrillitosuena.com\/inicio\/wp-json\/wp\/v2\/posts\/17252"}],"collection":[{"href":"https:\/\/www.elgrillitosuena.com\/inicio\/wp-json\/wp\/v2\/posts"}],"about":[{"href":"https:\/\/www.elgrillitosuena.com\/inicio\/wp-json\/wp\/v2\/types\/post"}],"author":[{"embeddable":true,"href":"https:\/\/www.elgrillitosuena.com\/inicio\/wp-json\/wp\/v2\/users\/6"}],"replies":[{"embeddable":true,"href":"https:\/\/www.elgrillitosuena.com\/inicio\/wp-json\/wp\/v2\/comments?post=17252"}],"version-history":[{"count":1,"href":"https:\/\/www.elgrillitosuena.com\/inicio\/wp-json\/wp\/v2\/posts\/17252\/revisions"}],"predecessor-version":[{"id":17254,"href":"https:\/\/www.elgrillitosuena.com\/inicio\/wp-json\/wp\/v2\/posts\/17252\/revisions\/17254"}],"wp:featuredmedia":[{"embeddable":true,"href":"https:\/\/www.elgrillitosuena.com\/inicio\/wp-json\/wp\/v2\/media\/17253"}],"wp:attachment":[{"href":"https:\/\/www.elgrillitosuena.com\/inicio\/wp-json\/wp\/v2\/media?parent=17252"}],"wp:term":[{"taxonomy":"category","embeddable":true,"href":"https:\/\/www.elgrillitosuena.com\/inicio\/wp-json\/wp\/v2\/categories?post=17252"},{"taxonomy":"post_tag","embeddable":true,"href":"https:\/\/www.elgrillitosuena.com\/inicio\/wp-json\/wp\/v2\/tags?post=17252"}],"curies":[{"name":"wp","href":"https:\/\/api.w.org\/{rel}","templated":true}]}}