{"id":17246,"date":"2022-04-05T16:14:03","date_gmt":"2022-04-05T16:14:03","guid":{"rendered":"https:\/\/www.elgrillitosuena.com\/inicio\/?p=17246"},"modified":"2022-04-05T16:14:03","modified_gmt":"2022-04-05T16:14:03","slug":"normalistas-magisterio-y-comuneros-marcharan-hacia-el-centro-de-morelia","status":"publish","type":"post","link":"https:\/\/www.elgrillitosuena.com\/inicio\/noticias\/michoacan\/normalistas-magisterio-y-comuneros-marcharan-hacia-el-centro-de-morelia\/","title":{"rendered":"Normalistas, magisterio y comuneros marchar\u00e1n hacia el Centro de Morelia"},"content":{"rendered":"<p><img decoding=\"async\" src=\"https:\/\/www.elsoldemorelia.com.mx\/local\/u5c0rq-marcha-arantepacua\/alternates\/LANDSCAPE_768\/marcha%20arantepacua\" \/><\/p>\n<p>Estudiantes\u00a0normalistas,\u00a0maestros\u00a0y\u00a0comuneros ind\u00edgenas,\u00a0marchar\u00e1n\u00a0este martes desde\u00a0Casa Michoac\u00e1n\u00a0hasta\u00a0Palacio de Gobierno, con motivo del\u00a0quinto aniversario\u00a0de las muertes extrajudiciales en\u00a0Arantepacua\u00a0registradas el 5 de abril del 2017.<\/p>\n<p>Los manifestantes se reunir\u00e1n a las\u00a010:00 horas\u00a0frente a Casa Michoac\u00e1n y posteriormente emprender\u00e1n su ruta hacia el Centro Hist\u00f3rico donde para exigir justicia por las v\u00edctimas.<\/p>\n<p>Se prev\u00e9 una concentraci\u00f3n masiva, ya que fueron convocados maestros y normalistas de todo el estado, adem\u00e1s de los pobladores.<\/p>\n<p>En\u00a0Palacio de Gobierno,\u00a0elementos de seguridad\u00a0ya\u00a0blindaron\u00a0el inmueble con\u00a0vallas met\u00e1licas\u00a0para evitar que entren o se acerquen demasiado al lugar.<\/p>\n<p>El pasado 21 de febrero se registr\u00f3 un enfrentamiento entre polic\u00edas y el magisterio liderado por Gamaliel Guzm\u00e1n Cruz al intentar manifestarse en este recinto.<\/p>\n<p>Con informaci\u00f3n de El Sol de M\u00e9xico<\/p>\n","protected":false},"excerpt":{"rendered":"<p>Estudiantes\u00a0normalistas,\u00a0maestros\u00a0y\u00a0comuneros ind\u00edgenas,\u00a0marchar\u00e1n\u00a0este martes desde\u00a0Casa Michoac\u00e1n\u00a0hasta\u00a0Palacio de Gobierno, con motivo del\u00a0quinto aniversario\u00a0de las muertes extrajudiciales en\u00a0Arantepacua\u00a0registradas el 5 de abril del 2017. Los manifestantes se reunir\u00e1n a las\u00a010:00 horas\u00a0frente a Casa Michoac\u00e1n y posteriormente emprender\u00e1n su ruta hacia el Centro Hist\u00f3rico donde para exigir justicia por las v\u00edctimas. Se prev\u00e9 una concentraci\u00f3n masiva, ya que fueron &hellip;<\/p>\n","protected":false},"author":6,"featured_media":17247,"comment_status":"open","ping_status":"closed","sticky":false,"template":"","format":"standard","meta":[],"categories":[38],"tags":[4637,172,143],"_links":{"self":[{"href":"https:\/\/www.elgrillitosuena.com\/inicio\/wp-json\/wp\/v2\/posts\/17246"}],"collection":[{"href":"https:\/\/www.elgrillitosuena.com\/inicio\/wp-json\/wp\/v2\/posts"}],"about":[{"href":"https:\/\/www.elgrillitosuena.com\/inicio\/wp-json\/wp\/v2\/types\/post"}],"author":[{"embeddable":true,"href":"https:\/\/www.elgrillitosuena.com\/inicio\/wp-json\/wp\/v2\/users\/6"}],"replies":[{"embeddable":true,"href":"https:\/\/www.elgrillitosuena.com\/inicio\/wp-json\/wp\/v2\/comments?post=17246"}],"version-history":[{"count":1,"href":"https:\/\/www.elgrillitosuena.com\/inicio\/wp-json\/wp\/v2\/posts\/17246\/revisions"}],"predecessor-version":[{"id":17248,"href":"https:\/\/www.elgrillitosuena.com\/inicio\/wp-json\/wp\/v2\/posts\/17246\/revisions\/17248"}],"wp:featuredmedia":[{"embeddable":true,"href":"https:\/\/www.elgrillitosuena.com\/inicio\/wp-json\/wp\/v2\/media\/17247"}],"wp:attachment":[{"href":"https:\/\/www.elgrillitosuena.com\/inicio\/wp-json\/wp\/v2\/media?parent=17246"}],"wp:term":[{"taxonomy":"category","embeddable":true,"href":"https:\/\/www.elgrillitosuena.com\/inicio\/wp-json\/wp\/v2\/categories?post=17246"},{"taxonomy":"post_tag","embeddable":true,"href":"https:\/\/www.elgrillitosuena.com\/inicio\/wp-json\/wp\/v2\/tags?post=17246"}],"curies":[{"name":"wp","href":"https:\/\/api.w.org\/{rel}","templated":true}]}}