{"id":17232,"date":"2022-04-05T15:42:14","date_gmt":"2022-04-05T15:42:14","guid":{"rendered":"https:\/\/www.elgrillitosuena.com\/inicio\/?p=17232"},"modified":"2022-04-05T15:42:14","modified_gmt":"2022-04-05T15:42:14","slug":"michoacan-unico-estado-del-pais-en-atender-desplazamiento-forzado-bedolla","status":"publish","type":"post","link":"https:\/\/www.elgrillitosuena.com\/inicio\/noticias\/michoacan\/michoacan-unico-estado-del-pais-en-atender-desplazamiento-forzado-bedolla\/","title":{"rendered":"Michoac\u00e1n, \u00fanico estado del pa\u00eds en atender desplazamiento forzado: Bedolla"},"content":{"rendered":"<p><img decoding=\"async\" loading=\"lazy\" class=\"alignnone  wp-image-17233\" src=\"https:\/\/www.elgrillitosuena.com\/inicio\/wp-content\/uploads\/2022\/04\/WhatsApp-Image-2022-04-05-at-7.29.32-AM-300x200.jpeg\" alt=\"\" width=\"726\" height=\"484\" srcset=\"https:\/\/www.elgrillitosuena.com\/inicio\/wp-content\/uploads\/2022\/04\/WhatsApp-Image-2022-04-05-at-7.29.32-AM-300x200.jpeg 300w, https:\/\/www.elgrillitosuena.com\/inicio\/wp-content\/uploads\/2022\/04\/WhatsApp-Image-2022-04-05-at-7.29.32-AM-1024x682.jpeg 1024w, https:\/\/www.elgrillitosuena.com\/inicio\/wp-content\/uploads\/2022\/04\/WhatsApp-Image-2022-04-05-at-7.29.32-AM-768x512.jpeg 768w, https:\/\/www.elgrillitosuena.com\/inicio\/wp-content\/uploads\/2022\/04\/WhatsApp-Image-2022-04-05-at-7.29.32-AM-1536x1023.jpeg 1536w, https:\/\/www.elgrillitosuena.com\/inicio\/wp-content\/uploads\/2022\/04\/WhatsApp-Image-2022-04-05-at-7.29.32-AM.jpeg 1600w\" sizes=\"(max-width: 726px) 100vw, 726px\" \/><\/p>\n<p>Michoac\u00e1n es el \u00fanico estado del pa\u00eds que atiende el tema del desplazamiento forzado, el cual implica un reto, pero se asume con responsabilidad, destac\u00f3 el gobernador Alfredo Ram\u00edrez Bedolla.<\/p>\n<p>\u201cEstamos marcando pautas en la generaci\u00f3n de pol\u00edticas p\u00fablicas para atender este tema que es un reto que nadie quiere hablar y reconocer. Para ello, contamos con un equipo profesional que est\u00e1 tratando el tema desde la ra\u00edz\u201d, destac\u00f3 el mandatario estatal al encabezar una reuni\u00f3n de evaluaci\u00f3n de la implementaci\u00f3n del Modelo de Atenci\u00f3n Integral al Desplazamiento Forzado.<\/p>\n<p>Ram\u00edrez Bedolla reconoci\u00f3 la labor gestada por la comisi\u00f3n interinstitucional que acudi\u00f3 a Tijuana para levantar una base de datos sobre personas oriundas de Michoac\u00e1n que se encuentran en albergues de la ciudad fronteriza.<\/p>\n<p>Puntualiz\u00f3 que el desplazamiento forzado es un tema humanitario y que esta base de datos dar\u00e1 un panorama m\u00e1s amplio sobre su situaci\u00f3n y con ello, se podr\u00e1 construir confianza con los michoacanos que se encuentren en Tijuana, para que poco a poco, comiencen a regresar.<\/p>\n<p><img decoding=\"async\" loading=\"lazy\" class=\"alignnone  wp-image-17234\" src=\"https:\/\/www.elgrillitosuena.com\/inicio\/wp-content\/uploads\/2022\/04\/WhatsApp-Image-2022-04-05-at-7.29.30-AM-300x200.jpeg\" alt=\"\" width=\"641\" height=\"427\" srcset=\"https:\/\/www.elgrillitosuena.com\/inicio\/wp-content\/uploads\/2022\/04\/WhatsApp-Image-2022-04-05-at-7.29.30-AM-300x200.jpeg 300w, https:\/\/www.elgrillitosuena.com\/inicio\/wp-content\/uploads\/2022\/04\/WhatsApp-Image-2022-04-05-at-7.29.30-AM-1024x682.jpeg 1024w, https:\/\/www.elgrillitosuena.com\/inicio\/wp-content\/uploads\/2022\/04\/WhatsApp-Image-2022-04-05-at-7.29.30-AM-768x512.jpeg 768w, https:\/\/www.elgrillitosuena.com\/inicio\/wp-content\/uploads\/2022\/04\/WhatsApp-Image-2022-04-05-at-7.29.30-AM-1536x1023.jpeg 1536w, https:\/\/www.elgrillitosuena.com\/inicio\/wp-content\/uploads\/2022\/04\/WhatsApp-Image-2022-04-05-at-7.29.30-AM.jpeg 1600w\" sizes=\"(max-width: 641px) 100vw, 641px\" \/><\/p>\n<p>Finalmente resalt\u00f3 que las dependencias deben demostrar que hay un Estado ejecutor de acciones y cercano a la gente.<\/p>\n<p>Por su parte, la titular de la Secretar\u00eda del Migrante (Semigrante), Brenda Fraga Guti\u00e9rrez detall\u00f3 que la comisi\u00f3n que acudi\u00f3 a Tijuana atendi\u00f3 a 160 familias en 20 albergues para migrantes, a quienes se les levant\u00f3 un censo sobre su salud f\u00edsica y mental, as\u00ed como para conocer las causas que les llevaron a desplazarse hacia la ciudad fronteriza.<\/p>\n<p>\u201cSe encontraron a personas de 40 municipios con diversas necesidades, justo para ellos va delineado el Modelo de Atenci\u00f3n Integral de Desplazamiento Forzado y lo que sigue es trabajar de forma interinstitucional con acciones emergentes\u201d, mencion\u00f3.<\/p>\n<p>Durante la reuni\u00f3n, las y los integrantes de la comisi\u00f3n brindaron pormenores de la situaci\u00f3n en que se encuentran las personas desplazadas; algunos refieren haber pasado por escenarios de violencia y pese a presentar denuncias correspondientes, al no encontrar seguimiento puntual, optaron por desplazarse.<\/p>\n<p>Tras la elaboraci\u00f3n del diagn\u00f3stico, se detect\u00f3 que el 57 por ciento de las personas desplazadas tienen m\u00e1s de un a\u00f1o y medio en los albergues, lo cual, es resultado del abandono hist\u00f3rico en el que han vivido algunas regiones de Michoac\u00e1n.<\/p>\n<p><img decoding=\"async\" loading=\"lazy\" class=\"alignnone  wp-image-17235\" src=\"https:\/\/www.elgrillitosuena.com\/inicio\/wp-content\/uploads\/2022\/04\/WhatsApp-Image-2022-04-05-at-7.29.29-AM-300x200.jpeg\" alt=\"\" width=\"668\" height=\"445\" srcset=\"https:\/\/www.elgrillitosuena.com\/inicio\/wp-content\/uploads\/2022\/04\/WhatsApp-Image-2022-04-05-at-7.29.29-AM-300x200.jpeg 300w, https:\/\/www.elgrillitosuena.com\/inicio\/wp-content\/uploads\/2022\/04\/WhatsApp-Image-2022-04-05-at-7.29.29-AM-1024x682.jpeg 1024w, https:\/\/www.elgrillitosuena.com\/inicio\/wp-content\/uploads\/2022\/04\/WhatsApp-Image-2022-04-05-at-7.29.29-AM-768x512.jpeg 768w, https:\/\/www.elgrillitosuena.com\/inicio\/wp-content\/uploads\/2022\/04\/WhatsApp-Image-2022-04-05-at-7.29.29-AM-1536x1023.jpeg 1536w, https:\/\/www.elgrillitosuena.com\/inicio\/wp-content\/uploads\/2022\/04\/WhatsApp-Image-2022-04-05-at-7.29.29-AM.jpeg 1600w\" sizes=\"(max-width: 668px) 100vw, 668px\" \/><\/p>\n<p>La comisi\u00f3n que levant\u00f3 el censo en Tijuana realiz\u00f3 las encuestas del 27 de marzo al 1 de abril del 2022 y son especialistas en psicolog\u00eda de diversas dependencias estatales y federales y el ejercicio, representa el primer paso del Modelo Integral.<\/p>\n<p>Las siguientes etapas estribar\u00e1n en ejecutar medidas emergentes de ayuda humanitaria que se traducen en acciones de salud, educaci\u00f3n y empleo para luego dar paso a la formalizaci\u00f3n de apoyo gestado entre el Gobierno del Estado de Michoac\u00e1n y el Gobierno de Baja California.<\/p>\n","protected":false},"excerpt":{"rendered":"<p>Michoac\u00e1n es el \u00fanico estado del pa\u00eds que atiende el tema del desplazamiento forzado, el cual implica un reto, pero se asume con responsabilidad, destac\u00f3 el gobernador Alfredo Ram\u00edrez Bedolla. \u201cEstamos marcando pautas en la generaci\u00f3n de pol\u00edticas p\u00fablicas para atender este tema que es un reto que nadie quiere hablar y reconocer. Para ello, &hellip;<\/p>\n","protected":false},"author":6,"featured_media":17233,"comment_status":"open","ping_status":"closed","sticky":false,"template":"","format":"standard","meta":[],"categories":[38],"tags":[1644,306,3427],"_links":{"self":[{"href":"https:\/\/www.elgrillitosuena.com\/inicio\/wp-json\/wp\/v2\/posts\/17232"}],"collection":[{"href":"https:\/\/www.elgrillitosuena.com\/inicio\/wp-json\/wp\/v2\/posts"}],"about":[{"href":"https:\/\/www.elgrillitosuena.com\/inicio\/wp-json\/wp\/v2\/types\/post"}],"author":[{"embeddable":true,"href":"https:\/\/www.elgrillitosuena.com\/inicio\/wp-json\/wp\/v2\/users\/6"}],"replies":[{"embeddable":true,"href":"https:\/\/www.elgrillitosuena.com\/inicio\/wp-json\/wp\/v2\/comments?post=17232"}],"version-history":[{"count":1,"href":"https:\/\/www.elgrillitosuena.com\/inicio\/wp-json\/wp\/v2\/posts\/17232\/revisions"}],"predecessor-version":[{"id":17236,"href":"https:\/\/www.elgrillitosuena.com\/inicio\/wp-json\/wp\/v2\/posts\/17232\/revisions\/17236"}],"wp:featuredmedia":[{"embeddable":true,"href":"https:\/\/www.elgrillitosuena.com\/inicio\/wp-json\/wp\/v2\/media\/17233"}],"wp:attachment":[{"href":"https:\/\/www.elgrillitosuena.com\/inicio\/wp-json\/wp\/v2\/media?parent=17232"}],"wp:term":[{"taxonomy":"category","embeddable":true,"href":"https:\/\/www.elgrillitosuena.com\/inicio\/wp-json\/wp\/v2\/categories?post=17232"},{"taxonomy":"post_tag","embeddable":true,"href":"https:\/\/www.elgrillitosuena.com\/inicio\/wp-json\/wp\/v2\/tags?post=17232"}],"curies":[{"name":"wp","href":"https:\/\/api.w.org\/{rel}","templated":true}]}}