{"id":17020,"date":"2022-03-30T19:19:27","date_gmt":"2022-03-30T19:19:27","guid":{"rendered":"https:\/\/www.elgrillitosuena.com\/inicio\/?p=17020"},"modified":"2022-03-30T19:19:27","modified_gmt":"2022-03-30T19:19:27","slug":"biden-recibe-segunda-dosis-de-refuerzo-anticovid","status":"publish","type":"post","link":"https:\/\/www.elgrillitosuena.com\/inicio\/noticias\/mundo\/biden-recibe-segunda-dosis-de-refuerzo-anticovid\/","title":{"rendered":"Biden recibe segunda dosis de refuerzo anticovid"},"content":{"rendered":"<p><img decoding=\"async\" src=\"https:\/\/cdn2.excelsior.com.mx\/media\/styles\/image800x600\/public\/pictures\/2022\/03\/30\/2736174.jpg\" \/><\/p>\n<p>El presidente Joe Biden recibi\u00f3 este mi\u00e9rcoles su\u00a0segunda dosis de refuerzo\u00a0de la\u00a0vacuna contra covid-19, un d\u00eda despu\u00e9s de que las autoridades de salud de\u00a0Estados Unidos\u00a0autorizaran la\u00a0inyecci\u00f3n\u00a0para\u00a0personas de 50 a\u00f1os o m\u00e1s.<\/p>\n<p>Biden,\u00a0de 79 a\u00f1os, aprovech\u00f3 un\u00a0acto\u00a0sobre la\u00a0situaci\u00f3n actual\u00a0de la\u00a0pandemia\u00a0de\u00a0coronavirus\u00a0en el pa\u00eds para\u00a0vacunarse nuevamente.<\/p>\n<p><img decoding=\"async\" src=\"https:\/\/cdn2.excelsior.com.mx\/media\/inside-the-note\/pictures\/2022\/03\/30\/000_327b67x_1.jpg\" \/><\/p>\n<p>El mandatario asegur\u00f3 que Estados Unidos entr\u00f3 en una nueva fase de menor riesgo gracias a la estrategia implementada por su gobierno.<\/p>\n<blockquote><p>Debido a la estrategia que ejecutamos durante el a\u00f1o pasado sobre vacunas, pruebas, tratamientos y m\u00e1s, ahora estamos en un nuevo momento en esta pandemia&#8221;, escribi\u00f3 Biden en Twitter..<\/p><\/blockquote>\n<blockquote><p>Eso no significa que el covid-19 haya terminado. Significa que el covid-19 ya no controla nuestras vidas&#8221;, agreg\u00f3.<\/p><\/blockquote>\n<blockquote class=\"twitter-tweet\" data-width=\"550\" data-dnt=\"true\">\n<p lang=\"en\" dir=\"ltr\">Because of the strategy we executed over the past year on vaccinations, testing, treatments, and more, we are now in a new moment in this pandemic.<\/p>\n<p>That does not mean that COVID-19 is over.<\/p>\n<p>It means that COVID-19 no longer controls our lives.<\/p>\n<p>&mdash; President Biden (@POTUS) <a href=\"https:\/\/twitter.com\/POTUS\/status\/1509228229223198722?ref_src=twsrc%5Etfw\">March 30, 2022<\/a><\/p><\/blockquote>\n<p><script async src=\"https:\/\/platform.twitter.com\/widgets.js\" charset=\"utf-8\"><\/script><\/p>\n<p><span class=\"article-body-balloon\">Biden recibi\u00f3 la primera dosis de refuerzo el pasado 27 de septiembre, tras completar su r\u00e9gimen de dos dosis, las cuales le fueron inyectadas el 21 de diciembre de 2020 y 11 de enero de 2021, respectivamente.<\/span><\/p>\n<p>La Administraci\u00f3n de Alimentos y Medicamentos de Estados Unidos (FDA) autoriz\u00f3 ayer una segunda dosis de refuerzo de las vacunas Pfizer-BioNTech y Moderna para mayores de 50 a\u00f1os.<\/p>\n<p>Con informaci\u00f3n de Exc\u00e9lsior<\/p>\n","protected":false},"excerpt":{"rendered":"<p>El presidente Joe Biden recibi\u00f3 este mi\u00e9rcoles su\u00a0segunda dosis de refuerzo\u00a0de la\u00a0vacuna contra covid-19, un d\u00eda despu\u00e9s de que las autoridades de salud de\u00a0Estados Unidos\u00a0autorizaran la\u00a0inyecci\u00f3n\u00a0para\u00a0personas de 50 a\u00f1os o m\u00e1s. Biden,\u00a0de 79 a\u00f1os, aprovech\u00f3 un\u00a0acto\u00a0sobre la\u00a0situaci\u00f3n actual\u00a0de la\u00a0pandemia\u00a0de\u00a0coronavirus\u00a0en el pa\u00eds para\u00a0vacunarse nuevamente. El mandatario asegur\u00f3 que Estados Unidos entr\u00f3 en una nueva fase de &hellip;<\/p>\n","protected":false},"author":6,"featured_media":17021,"comment_status":"open","ping_status":"closed","sticky":false,"template":"","format":"standard","meta":[],"categories":[40],"tags":[165,405,706,127],"_links":{"self":[{"href":"https:\/\/www.elgrillitosuena.com\/inicio\/wp-json\/wp\/v2\/posts\/17020"}],"collection":[{"href":"https:\/\/www.elgrillitosuena.com\/inicio\/wp-json\/wp\/v2\/posts"}],"about":[{"href":"https:\/\/www.elgrillitosuena.com\/inicio\/wp-json\/wp\/v2\/types\/post"}],"author":[{"embeddable":true,"href":"https:\/\/www.elgrillitosuena.com\/inicio\/wp-json\/wp\/v2\/users\/6"}],"replies":[{"embeddable":true,"href":"https:\/\/www.elgrillitosuena.com\/inicio\/wp-json\/wp\/v2\/comments?post=17020"}],"version-history":[{"count":1,"href":"https:\/\/www.elgrillitosuena.com\/inicio\/wp-json\/wp\/v2\/posts\/17020\/revisions"}],"predecessor-version":[{"id":17022,"href":"https:\/\/www.elgrillitosuena.com\/inicio\/wp-json\/wp\/v2\/posts\/17020\/revisions\/17022"}],"wp:featuredmedia":[{"embeddable":true,"href":"https:\/\/www.elgrillitosuena.com\/inicio\/wp-json\/wp\/v2\/media\/17021"}],"wp:attachment":[{"href":"https:\/\/www.elgrillitosuena.com\/inicio\/wp-json\/wp\/v2\/media?parent=17020"}],"wp:term":[{"taxonomy":"category","embeddable":true,"href":"https:\/\/www.elgrillitosuena.com\/inicio\/wp-json\/wp\/v2\/categories?post=17020"},{"taxonomy":"post_tag","embeddable":true,"href":"https:\/\/www.elgrillitosuena.com\/inicio\/wp-json\/wp\/v2\/tags?post=17020"}],"curies":[{"name":"wp","href":"https:\/\/api.w.org\/{rel}","templated":true}]}}