{"id":17015,"date":"2022-03-30T18:54:22","date_gmt":"2022-03-30T18:54:22","guid":{"rendered":"https:\/\/www.elgrillitosuena.com\/inicio\/?p=17015"},"modified":"2022-03-30T18:54:22","modified_gmt":"2022-03-30T18:54:22","slug":"pc-y-seduma-imparten-capacitaciones-en-prevencion-de-incendios-forestales","status":"publish","type":"post","link":"https:\/\/www.elgrillitosuena.com\/inicio\/noticias\/uruapan\/pc-y-seduma-imparten-capacitaciones-en-prevencion-de-incendios-forestales\/","title":{"rendered":"PC y Seduma imparten capacitaciones en prevenci\u00f3n de incendios forestales"},"content":{"rendered":"<p><img decoding=\"async\" loading=\"lazy\" class=\"alignnone  wp-image-17016\" src=\"https:\/\/www.elgrillitosuena.com\/inicio\/wp-content\/uploads\/2022\/03\/WhatsApp-Image-2022-03-30-at-12.36.42-PM-300x225.jpeg\" alt=\"\" width=\"705\" height=\"529\" srcset=\"https:\/\/www.elgrillitosuena.com\/inicio\/wp-content\/uploads\/2022\/03\/WhatsApp-Image-2022-03-30-at-12.36.42-PM-300x225.jpeg 300w, https:\/\/www.elgrillitosuena.com\/inicio\/wp-content\/uploads\/2022\/03\/WhatsApp-Image-2022-03-30-at-12.36.42-PM-1024x768.jpeg 1024w, https:\/\/www.elgrillitosuena.com\/inicio\/wp-content\/uploads\/2022\/03\/WhatsApp-Image-2022-03-30-at-12.36.42-PM-768x576.jpeg 768w, https:\/\/www.elgrillitosuena.com\/inicio\/wp-content\/uploads\/2022\/03\/WhatsApp-Image-2022-03-30-at-12.36.42-PM-1536x1152.jpeg 1536w, https:\/\/www.elgrillitosuena.com\/inicio\/wp-content\/uploads\/2022\/03\/WhatsApp-Image-2022-03-30-at-12.36.42-PM.jpeg 1600w\" sizes=\"(max-width: 705px) 100vw, 705px\" \/><\/p>\n<p>Con el fin de involucrar y hacer conciencia en las y los j\u00f3venes en el tema de prevenci\u00f3n de incendios forestales, el departamento de Educaci\u00f3n Ambiental de la Secretar\u00eda de Desarrollo Urbano y Medio Ambiente, en coordinaci\u00f3n con promotores ambientales y Protecci\u00f3n Civil Municipal, han capacitado un total de mil 24 personas en esta materia.<\/p>\n<p><img decoding=\"async\" loading=\"lazy\" class=\"alignnone  wp-image-17017\" src=\"https:\/\/www.elgrillitosuena.com\/inicio\/wp-content\/uploads\/2022\/03\/WhatsApp-Image-2022-03-30-at-12.36.43-PM-300x225.jpeg\" alt=\"\" width=\"611\" height=\"458\" srcset=\"https:\/\/www.elgrillitosuena.com\/inicio\/wp-content\/uploads\/2022\/03\/WhatsApp-Image-2022-03-30-at-12.36.43-PM-300x225.jpeg 300w, https:\/\/www.elgrillitosuena.com\/inicio\/wp-content\/uploads\/2022\/03\/WhatsApp-Image-2022-03-30-at-12.36.43-PM-1024x768.jpeg 1024w, https:\/\/www.elgrillitosuena.com\/inicio\/wp-content\/uploads\/2022\/03\/WhatsApp-Image-2022-03-30-at-12.36.43-PM-768x576.jpeg 768w, https:\/\/www.elgrillitosuena.com\/inicio\/wp-content\/uploads\/2022\/03\/WhatsApp-Image-2022-03-30-at-12.36.43-PM.jpeg 1280w\" sizes=\"(max-width: 611px) 100vw, 611px\" \/><\/p>\n<p>Lo anterior lo dio a conocer la jefa del departamento de Educaci\u00f3n Ambiental, Claudia Cerna Cort\u00e9s, quien inform\u00f3 que estas capacitaciones se realizan de forma presencial en escuelas, colonias y en diferentes espacios p\u00fablicos del municipio, donde se les explica a la ciudadan\u00eda las diferentes maneras en que pueden contribuir en el cuidado del medio ambiente y en la prevenci\u00f3n de incendios forestales.<\/p>\n<p>Inform\u00f3 que durante la primera etapa se brind\u00f3 informaci\u00f3n te\u00f3rica en el Centro de la ciudad de Uruapan, en la Unidad Deportiva, en las escuelas primarias Vasco de Quiroga, Constituci\u00f3n del 57, Toreo el Alto, Little Friends, Juan Delgado, M\u00e1rtires de Uruapan, Gregorio Torres Quintero, Eduardo Ruiz, en la primaria Ind\u00edgena Er\u00e9ndira, Colegio la Paz, grupos de Danza, preparatorias y universidades.<\/p>\n<p><img decoding=\"async\" loading=\"lazy\" class=\"alignnone  wp-image-17018\" src=\"https:\/\/www.elgrillitosuena.com\/inicio\/wp-content\/uploads\/2022\/03\/WhatsApp-Image-2022-03-30-at-12.36.43-PM-1-300x225.jpeg\" alt=\"\" width=\"543\" height=\"407\" srcset=\"https:\/\/www.elgrillitosuena.com\/inicio\/wp-content\/uploads\/2022\/03\/WhatsApp-Image-2022-03-30-at-12.36.43-PM-1-300x225.jpeg 300w, https:\/\/www.elgrillitosuena.com\/inicio\/wp-content\/uploads\/2022\/03\/WhatsApp-Image-2022-03-30-at-12.36.43-PM-1-1024x768.jpeg 1024w, https:\/\/www.elgrillitosuena.com\/inicio\/wp-content\/uploads\/2022\/03\/WhatsApp-Image-2022-03-30-at-12.36.43-PM-1-768x576.jpeg 768w, https:\/\/www.elgrillitosuena.com\/inicio\/wp-content\/uploads\/2022\/03\/WhatsApp-Image-2022-03-30-at-12.36.43-PM-1.jpeg 1040w\" sizes=\"(max-width: 543px) 100vw, 543px\" \/><\/p>\n<p>Se\u00f1al\u00f3 que con este tipo de acciones, el gobierno municipal que encabeza el presidente municipal Ignacio Campos Equihua, busca mejorar la cultura ambiental en el municipio, as\u00ed como concientizar a la ciudadan\u00eda de la importancia que tiene para nuestra vida diaria el conservar en \u00f3ptimas condiciones nuestros cerros y bosques.<\/p>\n","protected":false},"excerpt":{"rendered":"<p>Con el fin de involucrar y hacer conciencia en las y los j\u00f3venes en el tema de prevenci\u00f3n de incendios forestales, el departamento de Educaci\u00f3n Ambiental de la Secretar\u00eda de Desarrollo Urbano y Medio Ambiente, en coordinaci\u00f3n con promotores ambientales y Protecci\u00f3n Civil Municipal, han capacitado un total de mil 24 personas en esta materia. &hellip;<\/p>\n","protected":false},"author":6,"featured_media":17016,"comment_status":"open","ping_status":"closed","sticky":false,"template":"","format":"standard","meta":[],"categories":[37],"tags":[2944,4586,3023],"_links":{"self":[{"href":"https:\/\/www.elgrillitosuena.com\/inicio\/wp-json\/wp\/v2\/posts\/17015"}],"collection":[{"href":"https:\/\/www.elgrillitosuena.com\/inicio\/wp-json\/wp\/v2\/posts"}],"about":[{"href":"https:\/\/www.elgrillitosuena.com\/inicio\/wp-json\/wp\/v2\/types\/post"}],"author":[{"embeddable":true,"href":"https:\/\/www.elgrillitosuena.com\/inicio\/wp-json\/wp\/v2\/users\/6"}],"replies":[{"embeddable":true,"href":"https:\/\/www.elgrillitosuena.com\/inicio\/wp-json\/wp\/v2\/comments?post=17015"}],"version-history":[{"count":1,"href":"https:\/\/www.elgrillitosuena.com\/inicio\/wp-json\/wp\/v2\/posts\/17015\/revisions"}],"predecessor-version":[{"id":17019,"href":"https:\/\/www.elgrillitosuena.com\/inicio\/wp-json\/wp\/v2\/posts\/17015\/revisions\/17019"}],"wp:featuredmedia":[{"embeddable":true,"href":"https:\/\/www.elgrillitosuena.com\/inicio\/wp-json\/wp\/v2\/media\/17016"}],"wp:attachment":[{"href":"https:\/\/www.elgrillitosuena.com\/inicio\/wp-json\/wp\/v2\/media?parent=17015"}],"wp:term":[{"taxonomy":"category","embeddable":true,"href":"https:\/\/www.elgrillitosuena.com\/inicio\/wp-json\/wp\/v2\/categories?post=17015"},{"taxonomy":"post_tag","embeddable":true,"href":"https:\/\/www.elgrillitosuena.com\/inicio\/wp-json\/wp\/v2\/tags?post=17015"}],"curies":[{"name":"wp","href":"https:\/\/api.w.org\/{rel}","templated":true}]}}