{"id":16900,"date":"2022-03-29T16:24:37","date_gmt":"2022-03-29T16:24:37","guid":{"rendered":"https:\/\/www.elgrillitosuena.com\/inicio\/?p=16900"},"modified":"2022-03-29T16:24:37","modified_gmt":"2022-03-29T16:24:37","slug":"amlo-propone-que-el-pueblo-escoja-a-consejeros-y-magistrados-mediante-el-voto","status":"publish","type":"post","link":"https:\/\/www.elgrillitosuena.com\/inicio\/noticias\/mexico\/amlo-propone-que-el-pueblo-escoja-a-consejeros-y-magistrados-mediante-el-voto\/","title":{"rendered":"AMLO propone que \u2018el pueblo\u2019 escoja a consejeros y magistrados mediante el voto"},"content":{"rendered":"<p><img decoding=\"async\" src=\"https:\/\/heraldodemexico.com.mx\/u\/fotografias\/m\/2022\/3\/29\/f960x540-494370_568445_0.jpg\" alt=\"AMLO habl\u00f3 sobre el caso del nuevo video de caso Ayotzinapa.\" \/><\/p>\n<p>El presidente Andr\u00e9s Manuel L\u00f3pez Obrador anunci\u00f3 el martes que. una vez que se haya celebrado la consulta de revocaci\u00f3n de mandato, programada para el pr\u00f3ximo 10 de abril, enviar\u00e1 al Congreso una propuesta de\u00a0reforma electoral para que \u201cel pueblo\u201d escoja directamente a magistrados y consejeros del \u00e1rea.<\/p>\n<p>Destac\u00f3 de manera particular la elecci\u00f3n por voto popular de los\u00a0consejeros y magistrados electorales, con el objetivo de que se garantice \u201cla democracia en el pa\u00eds y que no haya jueces con actitudes tendenciosas\u201d.<\/p>\n<p>El mandatario ha criticado desde hace a\u00f1os al\u00a0Instituto Nacional Electoral\u00a0(INE), al que responsabiliza de supuestos fraudes que, seg\u00fan \u00e9l, le llevaron a perder las presidenciales de 2006 y 2012. Tambi\u00e9n ha cuestionado al\u00a0Tribunal Electoral del Poder Judicial de la Federaci\u00f3n\u00a0(TEPJF), encargado de resolver las controversias del sector.<\/p>\n<p>\u201cPasado el 10 de abril, vamos a enviar una iniciativa de reforma a la Constituci\u00f3n para garantizar la democracia en M\u00e9xico\u201d, dijo en rueda de prensa, al ser consultado sobre un fallo del TEPJF que impide a funcionarios promover la consulta de\u00a0revocaci\u00f3n de mandato.<\/p>\n<p>L\u00f3pez Obrador ha cuestionado a las\u00a0autoridades electorales\u00a0por no promover la participaci\u00f3n en dicha consulta, as\u00ed como por sus denuncias de falta de fondos para llevar a cabo el proceso de votaci\u00f3n.<\/p>\n<p>\u201cVoy a proponer que sea el pueblo el que elija a los consejeros electorales y a los magistrados, de manera directa, con voto abierto.\u00a0El pueblo va a elegir de forma directa\u201c, agreg\u00f3 el gobernante, que con frecuencia ha pedido profundizar la democracia participativa en detrimento de la representativa.<\/p>\n<p>Desde que asumi\u00f3 el poder en 2018, el presidente ha tenido m\u00faltiples choques con el INE. En agosto de 2021, afirm\u00f3 que las autoridades electorales deb\u00edan renunciar, en respuesta a la destituci\u00f3n del titular del\u00a0TEPJF, tribunal al que ahora critica.<\/p>\n<p>Con informaci\u00f3n de Aristegui Noticias<\/p>\n","protected":false},"excerpt":{"rendered":"<p>El presidente Andr\u00e9s Manuel L\u00f3pez Obrador anunci\u00f3 el martes que. una vez que se haya celebrado la consulta de revocaci\u00f3n de mandato, programada para el pr\u00f3ximo 10 de abril, enviar\u00e1 al Congreso una propuesta de\u00a0reforma electoral para que \u201cel pueblo\u201d escoja directamente a magistrados y consejeros del \u00e1rea. Destac\u00f3 de manera particular la elecci\u00f3n por &hellip;<\/p>\n","protected":false},"author":6,"featured_media":16901,"comment_status":"open","ping_status":"closed","sticky":false,"template":"","format":"standard","meta":[],"categories":[39],"tags":[98,4549,932,4550],"_links":{"self":[{"href":"https:\/\/www.elgrillitosuena.com\/inicio\/wp-json\/wp\/v2\/posts\/16900"}],"collection":[{"href":"https:\/\/www.elgrillitosuena.com\/inicio\/wp-json\/wp\/v2\/posts"}],"about":[{"href":"https:\/\/www.elgrillitosuena.com\/inicio\/wp-json\/wp\/v2\/types\/post"}],"author":[{"embeddable":true,"href":"https:\/\/www.elgrillitosuena.com\/inicio\/wp-json\/wp\/v2\/users\/6"}],"replies":[{"embeddable":true,"href":"https:\/\/www.elgrillitosuena.com\/inicio\/wp-json\/wp\/v2\/comments?post=16900"}],"version-history":[{"count":1,"href":"https:\/\/www.elgrillitosuena.com\/inicio\/wp-json\/wp\/v2\/posts\/16900\/revisions"}],"predecessor-version":[{"id":16902,"href":"https:\/\/www.elgrillitosuena.com\/inicio\/wp-json\/wp\/v2\/posts\/16900\/revisions\/16902"}],"wp:featuredmedia":[{"embeddable":true,"href":"https:\/\/www.elgrillitosuena.com\/inicio\/wp-json\/wp\/v2\/media\/16901"}],"wp:attachment":[{"href":"https:\/\/www.elgrillitosuena.com\/inicio\/wp-json\/wp\/v2\/media?parent=16900"}],"wp:term":[{"taxonomy":"category","embeddable":true,"href":"https:\/\/www.elgrillitosuena.com\/inicio\/wp-json\/wp\/v2\/categories?post=16900"},{"taxonomy":"post_tag","embeddable":true,"href":"https:\/\/www.elgrillitosuena.com\/inicio\/wp-json\/wp\/v2\/tags?post=16900"}],"curies":[{"name":"wp","href":"https:\/\/api.w.org\/{rel}","templated":true}]}}