{"id":16798,"date":"2022-03-25T16:39:34","date_gmt":"2022-03-25T16:39:34","guid":{"rendered":"https:\/\/www.elgrillitosuena.com\/inicio\/?p=16798"},"modified":"2022-03-25T16:39:34","modified_gmt":"2022-03-25T16:39:34","slug":"asesinaron-al-general-ruso-yakov-rezantsev-quien-dijo-que-la-guerra-contra-ucrania-tardaria-solo-unas-horas","status":"publish","type":"post","link":"https:\/\/www.elgrillitosuena.com\/inicio\/noticias\/mundo\/asesinaron-al-general-ruso-yakov-rezantsev-quien-dijo-que-la-guerra-contra-ucrania-tardaria-solo-unas-horas\/","title":{"rendered":"Asesinaron al general ruso Yakov Rezantsev, quien dijo que la guerra contra Ucrania &#8220;tardar\u00eda solo unas horas&#8221;"},"content":{"rendered":"<p><img decoding=\"async\" src=\"https:\/\/heraldodemexico.com.mx\/u\/fotografias\/m\/2022\/3\/25\/f960x540-493227_567302_0.jpeg\" alt=\"Ya es el sexto militar ruso de alto rango que ha muerto durante la ocupaci\u00f3n en Ucrania.\" \/><\/p>\n<p>A\u00a0un mes de iniciada la\u00a0intervenci\u00f3n rusa, el\u00a0Ministerio de Defensa de Ucrania dio a conocer este viernes 25 de marzo\u00a0que sus militares\u00a0asesinaron al teniente general\u00a0Yakov Vladimirovich Rezantsev, de 48 a\u00f1os, quien al inicio de las operaciones afirmaba a sus hombres que &#8220;la guerra solo durar\u00eda unas pocas horas&#8221;.<\/p>\n<p>Quien fuera\u00a0Comandante del 49\u00ba Ej\u00e9rcito de Armas Combinadas del Distrito Militar Sur de Rusia\u00a0falleci\u00f3 el jueves durante un enfrentamiento al sur del pa\u00eds. El general le habr\u00eda dicho a sus militares el 28 de febrero -cuarto d\u00eda de la intervenci\u00f3n-\u00a0que para nadie era un secreto que solo quedaban unas pocas horas hasta que terminara &#8220;la operaci\u00f3n especial&#8221;, report\u00f3 el diario brit\u00e1nico The Mirror.<\/p>\n<p>Con su muerte de Yakov Rezantsev suman ya al menosseis\u00a0los decesos de militares rusos de alto rango\u00a0que han muerto en las \u00faltimas cuatro semanas, tiempo que lleva la intervenci\u00f3n\u00a0en Ucrania. Se trata de\u00a0Andrei Sukhovetsky,\u00a0Andrei Sukhovetsky,\u00a0Andrei Kolesnikov, Oleg Mityaev y Andriy Mordvichev, quienes eran cercanos a\u00a0Vladimir Putin\u00a0y hab\u00edan servido en operaciones en Crimea, Afganist\u00e1n Siria y\u00a0Chechenia, entre otras.<\/p>\n<h2>Los n\u00fameros de la invasi\u00f3n rusa en Ucrania<\/h2>\n<p>A un mes de iniciada la operaci\u00f3n militar\u00a0en Ucrania, los invasores informaron que\u00a0han perdido mil 351 efectivos, mientras que otros\u00a0tres mil 825 mas han resultado heridos, declar\u00f3\u00a0Sergu\u00e9i Rudsk\u00f3i,\u00a0jefe de la Direcci\u00f3n General de Operaciones del Estado Mayor de Rusia, quien dijo que el gobierno se har\u00e1 responsable de los deudos de sus &#8220;compa\u00f1eros de armas&#8221;, detall\u00f3 el medio ruso RT.<\/p>\n<p>Dicho funcionario del Kremlin precis\u00f3 adem\u00e1s que en este mes,\u00a0las tropas ucranianas han tenido cerca de 30 mil bajas, de las cuales 14 mil son &#8220;irrecuperables&#8221; (decesos) mientras que las 16 mil restantes corresponden a efectivos heridos. Y detall\u00f3 que las operaciones de su pa\u00eds se han llevado a cabo seg\u00fan el plan aprobado, tratando de evitar al m\u00e1ximo la muerte de civiles.<\/p>\n<p>Por su parte, las\u00a0cifras de Ucrania\u00a0distan mucho de las ofrecidas por el Kremlin, pues recientemente el medio local\u00a0The Kyiv Independent public\u00f3 que\u00a0unos\u00a015 mil soldados rusos habr\u00eda muerto o estar\u00edan prisioneros. Mientras que el\u00a0Departamento de Defensa de los Estados Unidos\u00a0asegura que habr\u00eda\u00a0siete mil\u00a0soldados rusos fallecidos y el doble o triple de heridos, seg\u00fan report\u00f3 Deutsche Welle.<\/p>\n<p>En tanto, la Oficina del Alto Comisionado de las Naciones Unidas para los Derechos Humanos (OACNUDH) dio a conocer hace un par de d\u00edas que suman\u00a0m\u00e1s de mil civiles muertos en Ucrania\u00a0durante el \u00faltimo mes y que m\u00e1s de\u00a010 millones se han visto obligados a dejar sus hogares,\u00a0mientras que el Ministerio de Relaciones Exteriores de Ucrania afirma que\u00a0Rusia se ha llevado a su pa\u00eds a unos\u00a0seis mil civiles.<\/p>\n<p>Con informaci\u00f3n de Heraldo de M\u00e9xico<\/p>\n","protected":false},"excerpt":{"rendered":"<p>A\u00a0un mes de iniciada la\u00a0intervenci\u00f3n rusa, el\u00a0Ministerio de Defensa de Ucrania dio a conocer este viernes 25 de marzo\u00a0que sus militares\u00a0asesinaron al teniente general\u00a0Yakov Vladimirovich Rezantsev, de 48 a\u00f1os, quien al inicio de las operaciones afirmaba a sus hombres que &#8220;la guerra solo durar\u00eda unas pocas horas&#8221;. Quien fuera\u00a0Comandante del 49\u00ba Ej\u00e9rcito de Armas Combinadas &hellip;<\/p>\n","protected":false},"author":6,"featured_media":16799,"comment_status":"open","ping_status":"closed","sticky":false,"template":"","format":"standard","meta":[],"categories":[40],"tags":[4530,125,3714,4531],"_links":{"self":[{"href":"https:\/\/www.elgrillitosuena.com\/inicio\/wp-json\/wp\/v2\/posts\/16798"}],"collection":[{"href":"https:\/\/www.elgrillitosuena.com\/inicio\/wp-json\/wp\/v2\/posts"}],"about":[{"href":"https:\/\/www.elgrillitosuena.com\/inicio\/wp-json\/wp\/v2\/types\/post"}],"author":[{"embeddable":true,"href":"https:\/\/www.elgrillitosuena.com\/inicio\/wp-json\/wp\/v2\/users\/6"}],"replies":[{"embeddable":true,"href":"https:\/\/www.elgrillitosuena.com\/inicio\/wp-json\/wp\/v2\/comments?post=16798"}],"version-history":[{"count":1,"href":"https:\/\/www.elgrillitosuena.com\/inicio\/wp-json\/wp\/v2\/posts\/16798\/revisions"}],"predecessor-version":[{"id":16800,"href":"https:\/\/www.elgrillitosuena.com\/inicio\/wp-json\/wp\/v2\/posts\/16798\/revisions\/16800"}],"wp:featuredmedia":[{"embeddable":true,"href":"https:\/\/www.elgrillitosuena.com\/inicio\/wp-json\/wp\/v2\/media\/16799"}],"wp:attachment":[{"href":"https:\/\/www.elgrillitosuena.com\/inicio\/wp-json\/wp\/v2\/media?parent=16798"}],"wp:term":[{"taxonomy":"category","embeddable":true,"href":"https:\/\/www.elgrillitosuena.com\/inicio\/wp-json\/wp\/v2\/categories?post=16798"},{"taxonomy":"post_tag","embeddable":true,"href":"https:\/\/www.elgrillitosuena.com\/inicio\/wp-json\/wp\/v2\/tags?post=16798"}],"curies":[{"name":"wp","href":"https:\/\/api.w.org\/{rel}","templated":true}]}}