{"id":16795,"date":"2022-03-25T16:24:31","date_gmt":"2022-03-25T16:24:31","guid":{"rendered":"https:\/\/www.elgrillitosuena.com\/inicio\/?p=16795"},"modified":"2022-03-25T16:24:31","modified_gmt":"2022-03-25T16:24:31","slug":"fue-el-secretario-de-hacienda-quien-revelo-a-lopez-obrador-aumento-en-tasa-de-interes","status":"publish","type":"post","link":"https:\/\/www.elgrillitosuena.com\/inicio\/noticias\/mexico\/fue-el-secretario-de-hacienda-quien-revelo-a-lopez-obrador-aumento-en-tasa-de-interes\/","title":{"rendered":"Fue el secretario de Hacienda quien revel\u00f3 a L\u00f3pez Obrador aumento en tasa de inter\u00e9s"},"content":{"rendered":"<p><img decoding=\"async\" src=\"https:\/\/cdn2.excelsior.com.mx\/media\/styles\/image800x600\/public\/pictures\/2022\/03\/25\/2733761.jpg\" \/><\/p>\n<p>Desde la ciudad de Cuernavaca, en el estado de Morelos,\u00a0el presidente Andr\u00e9s Manuel L\u00f3pez Obrador\u00a0revel\u00f3 en su conferencia ma\u00f1anera que fue\u00a0el secretario de Hacienda, Rogelio Ram\u00edrez de la O, quien le inform\u00f3 sobre el aumento de la tasa clave del Banco de M\u00e9xico (Banxico).<\/p>\n<p>El mandatario\u00a0reiter\u00f3 que cometi\u00f3 un error\u00a0al informar sobre el tema en su conferencia ma\u00f1anera del jueves, antes de que lo hiciera Banxico que es la instituci\u00f3n encargada del tema.\u00a0Admiti\u00f3 que se violent\u00f3 la ley de Banxico al haberse filtrado esa informaci\u00f3n.<\/p>\n<p>Asegur\u00f3 que, pensaba que el anuncio sobre el aumento de la tasa de referencia del 6% al 6.5% ya hab\u00eda sido divulgado p\u00fablicamente antes de sus comentarios en la conferencia ma\u00f1anera.<\/p>\n<blockquote><p>&#8220;Participa en la reuni\u00f3n del Banco de M\u00e9xico el secretario de Hacienda, entonces \u00e9l me inform\u00f3 de que se hab\u00eda tomado la decisi\u00f3n por unanimidad de aumentar la tasa de inter\u00e9s&#8221;, dijo L\u00f3pez Obrador este viernes.<\/p><\/blockquote>\n<div id=\"standard_6\" class=\"st-placement standard_6 inVideo\">\n<div class=\"st-adunit st-show st-reset\">Con informaci\u00f3n de Exc\u00e9lsior<\/div>\n<\/div>\n","protected":false},"excerpt":{"rendered":"<p>Desde la ciudad de Cuernavaca, en el estado de Morelos,\u00a0el presidente Andr\u00e9s Manuel L\u00f3pez Obrador\u00a0revel\u00f3 en su conferencia ma\u00f1anera que fue\u00a0el secretario de Hacienda, Rogelio Ram\u00edrez de la O, quien le inform\u00f3 sobre el aumento de la tasa clave del Banco de M\u00e9xico (Banxico). El mandatario\u00a0reiter\u00f3 que cometi\u00f3 un error\u00a0al informar sobre el tema en &hellip;<\/p>\n","protected":false},"author":6,"featured_media":16796,"comment_status":"open","ping_status":"closed","sticky":false,"template":"","format":"standard","meta":[],"categories":[39],"tags":[98,3425,4529],"_links":{"self":[{"href":"https:\/\/www.elgrillitosuena.com\/inicio\/wp-json\/wp\/v2\/posts\/16795"}],"collection":[{"href":"https:\/\/www.elgrillitosuena.com\/inicio\/wp-json\/wp\/v2\/posts"}],"about":[{"href":"https:\/\/www.elgrillitosuena.com\/inicio\/wp-json\/wp\/v2\/types\/post"}],"author":[{"embeddable":true,"href":"https:\/\/www.elgrillitosuena.com\/inicio\/wp-json\/wp\/v2\/users\/6"}],"replies":[{"embeddable":true,"href":"https:\/\/www.elgrillitosuena.com\/inicio\/wp-json\/wp\/v2\/comments?post=16795"}],"version-history":[{"count":1,"href":"https:\/\/www.elgrillitosuena.com\/inicio\/wp-json\/wp\/v2\/posts\/16795\/revisions"}],"predecessor-version":[{"id":16797,"href":"https:\/\/www.elgrillitosuena.com\/inicio\/wp-json\/wp\/v2\/posts\/16795\/revisions\/16797"}],"wp:featuredmedia":[{"embeddable":true,"href":"https:\/\/www.elgrillitosuena.com\/inicio\/wp-json\/wp\/v2\/media\/16796"}],"wp:attachment":[{"href":"https:\/\/www.elgrillitosuena.com\/inicio\/wp-json\/wp\/v2\/media?parent=16795"}],"wp:term":[{"taxonomy":"category","embeddable":true,"href":"https:\/\/www.elgrillitosuena.com\/inicio\/wp-json\/wp\/v2\/categories?post=16795"},{"taxonomy":"post_tag","embeddable":true,"href":"https:\/\/www.elgrillitosuena.com\/inicio\/wp-json\/wp\/v2\/tags?post=16795"}],"curies":[{"name":"wp","href":"https:\/\/api.w.org\/{rel}","templated":true}]}}