{"id":16774,"date":"2022-03-25T15:38:23","date_gmt":"2022-03-25T15:38:23","guid":{"rendered":"https:\/\/www.elgrillitosuena.com\/inicio\/?p=16774"},"modified":"2022-03-25T15:38:23","modified_gmt":"2022-03-25T15:38:23","slug":"vamos-a-defender-nuestra-postura-en-reforma-electrica-lopez-obrador-a-ken-salazar","status":"publish","type":"post","link":"https:\/\/www.elgrillitosuena.com\/inicio\/noticias\/mexico\/vamos-a-defender-nuestra-postura-en-reforma-electrica-lopez-obrador-a-ken-salazar\/","title":{"rendered":"Vamos a defender nuestra postura en reforma el\u00e9ctrica: L\u00f3pez Obrador a Ken Salazar"},"content":{"rendered":"<p><img decoding=\"async\" src=\"https:\/\/cdn2.excelsior.com.mx\/media\/styles\/image800x600\/public\/pictures\/2022\/03\/25\/2733743.jpg\" \/><\/p>\n<p>Ayer\u00a0el embajador de Estados Unidos, Ken Salazar\u00a0se\u00f1al\u00f3 respecto a la reforma el\u00e9ctrica que propuso\u00a0el presidente L\u00f3pez Obrador,\u00a0que se deben presentar los contratos y acuerdos que se tienen con empresas extranjeras; en ese sentido el presidente asegur\u00f3 que \u00e9l respeta la postura del embajador de EU en M\u00e9xico, pero \u201cnosotros tenemos una postura que vamos a defender y los legisladores son los que van a decidir\u201d.<\/p>\n<p>En su conferencia ma\u00f1anera, explic\u00f3 que se est\u00e1 iniciando el debate final en la\u00a0C\u00e1mara de Diputados\u00a0para poner a consideraci\u00f3n de los legisladores dicha reforma constitucional.<\/p>\n<p>Asegur\u00f3 que la reforma el\u00e9ctrica es necesaria para acabar con privilegios privados y para fortalecer a la Comisi\u00f3n Federal de Electricidad (CFE), porque en el periodo neoliberal se busc\u00f3 destruirla, \u201ctodo esto para privatizar la industria el\u00e9ctrica y darles el negocio a las empresas tanto nacionales como extranjeras, \u201csobre todo las extranjeras\u201d, puntualiz\u00f3.<\/p>\n<blockquote><p>\u201cEn estos d\u00edas se va a saber si los legisladores son aut\u00e9nticos representantes populares o son simples representantes de las empresas y de los grupos de intereses creados, no va a haber ni para d\u00f3nde hacerse; se va a saber qui\u00e9nes est\u00e1n a favor de que se fortalezca a la CFE y qui\u00e9nes est\u00e1n a favor de las empresas extranjeras\u201d.<\/p><\/blockquote>\n<p>El mandatario detall\u00f3 que,\u00a0si no se aprueba la reforma, entonces ser\u00e1n las empresas las que va a fijar los precios, como en Espa\u00f1a dijo, \u201call\u00e1 la gente ya no tiene ni para pagar la luz\u201d.<\/p>\n<blockquote><p>\u201cNosotros no aumentamos el precio de la luz, para no afectar la econom\u00eda popular y estamos con los subsidios, eso nos est\u00e1 funcionando\u201d.<\/p><\/blockquote>\n<p>El jefe del Poder Ejecutivo Federal asegur\u00f3 que esta postura la han tenido por a\u00f1os, siempre hemos estado en contra de la privatizaci\u00f3n. \u2026 No enga\u00f1amos en la campa\u00f1a, la gente vot\u00f3 por eso para que se acabaran los abusos y saqueos, puntualiz\u00f3.<\/p>\n<p>Con informaci\u00f3n de Exc\u00e9lsior<\/p>\n","protected":false},"excerpt":{"rendered":"<p>Ayer\u00a0el embajador de Estados Unidos, Ken Salazar\u00a0se\u00f1al\u00f3 respecto a la reforma el\u00e9ctrica que propuso\u00a0el presidente L\u00f3pez Obrador,\u00a0que se deben presentar los contratos y acuerdos que se tienen con empresas extranjeras; en ese sentido el presidente asegur\u00f3 que \u00e9l respeta la postura del embajador de EU en M\u00e9xico, pero \u201cnosotros tenemos una postura que vamos a &hellip;<\/p>\n","protected":false},"author":6,"featured_media":16775,"comment_status":"open","ping_status":"closed","sticky":false,"template":"","format":"standard","meta":[],"categories":[39],"tags":[98,405,2537,2863],"_links":{"self":[{"href":"https:\/\/www.elgrillitosuena.com\/inicio\/wp-json\/wp\/v2\/posts\/16774"}],"collection":[{"href":"https:\/\/www.elgrillitosuena.com\/inicio\/wp-json\/wp\/v2\/posts"}],"about":[{"href":"https:\/\/www.elgrillitosuena.com\/inicio\/wp-json\/wp\/v2\/types\/post"}],"author":[{"embeddable":true,"href":"https:\/\/www.elgrillitosuena.com\/inicio\/wp-json\/wp\/v2\/users\/6"}],"replies":[{"embeddable":true,"href":"https:\/\/www.elgrillitosuena.com\/inicio\/wp-json\/wp\/v2\/comments?post=16774"}],"version-history":[{"count":1,"href":"https:\/\/www.elgrillitosuena.com\/inicio\/wp-json\/wp\/v2\/posts\/16774\/revisions"}],"predecessor-version":[{"id":16776,"href":"https:\/\/www.elgrillitosuena.com\/inicio\/wp-json\/wp\/v2\/posts\/16774\/revisions\/16776"}],"wp:featuredmedia":[{"embeddable":true,"href":"https:\/\/www.elgrillitosuena.com\/inicio\/wp-json\/wp\/v2\/media\/16775"}],"wp:attachment":[{"href":"https:\/\/www.elgrillitosuena.com\/inicio\/wp-json\/wp\/v2\/media?parent=16774"}],"wp:term":[{"taxonomy":"category","embeddable":true,"href":"https:\/\/www.elgrillitosuena.com\/inicio\/wp-json\/wp\/v2\/categories?post=16774"},{"taxonomy":"post_tag","embeddable":true,"href":"https:\/\/www.elgrillitosuena.com\/inicio\/wp-json\/wp\/v2\/tags?post=16774"}],"curies":[{"name":"wp","href":"https:\/\/api.w.org\/{rel}","templated":true}]}}