{"id":16771,"date":"2022-03-24T20:52:29","date_gmt":"2022-03-24T20:52:29","guid":{"rendered":"https:\/\/www.elgrillitosuena.com\/inicio\/?p=16771"},"modified":"2022-03-24T20:52:29","modified_gmt":"2022-03-24T20:52:29","slug":"onu-condena-con-firmeza-lanzamiento-de-misil-por-corea-del-norte","status":"publish","type":"post","link":"https:\/\/www.elgrillitosuena.com\/inicio\/noticias\/mundo\/onu-condena-con-firmeza-lanzamiento-de-misil-por-corea-del-norte\/","title":{"rendered":"ONU condena &#8220;con firmeza&#8221; lanzamiento de misil por Corea del Norte"},"content":{"rendered":"<p><img decoding=\"async\" src=\"https:\/\/cdn2.excelsior.com.mx\/media\/styles\/image800x600\/public\/pictures\/2022\/03\/24\/2733310.jpg\" \/><\/p>\n<p>Antonio Guterres, jefe de la ONU, conden\u00f3 &#8220;con firmeza&#8221; el\u00a0lanzamiento que realiz\u00f3 Corea del Norte\u00a0de un misil bal\u00edstico intercontinental e inst\u00f3 a Pyongyang a &#8220;desistir de tomar cualquier otra acci\u00f3n contraproducente&#8221;, dijo su portavoz.<\/p>\n<p>Se espera que el\u00a0Consejo de Seguridad\u00a0se re\u00fana el viernes ante este tiro de Corea del Norte, dijeron diplom\u00e1ticos a la AFP.<\/p>\n<p>El\u00a0lanzamiento fue &#8220;otra violaci\u00f3n&#8221;\u00a0de la &#8220;moratoria anunciada por Corea del Norte en 2018 sobre lanzamientos de esta naturaleza, y una clara violaci\u00f3n de las resoluciones del Consejo de Seguridad&#8221;, dijo Stephane Dujarric en un comunicado.<\/p>\n<p>Guterres &#8220;reafirma su compromiso de trabajar con todas las partes para buscar una soluci\u00f3n pac\u00edfica y diplom\u00e1tica para la desnuclearizaci\u00f3n completa y verificable de la pen\u00ednsula coreana&#8221;, agreg\u00f3 su vocero.<\/p>\n<p>Seg\u00fan diplom\u00e1ticos de la ONU,\u00a0Estados Unidos, Reino Unido, Francia, Albania, Irlanda y Noruega\u00a0pidieron una reuni\u00f3n del Consejo de Seguridad la tarde del viernes responder a este lanzamiento &#8220;inequ\u00edvoco&#8221; de Pyongyang de un misil bal\u00edstico intercontinental (ICBM).<\/p>\n<p>Corea del Norte dispar\u00f3 el jueves un ICBM que lleg\u00f3 a la zona econ\u00f3mica mar\u00edtima exclusiva de Jap\u00f3n, rompiendo su\u00a0moratoria autoimpuesta para este tipo de pruebas, a riesgo de desencadenar un\u00a0aumento espectacular de las tensiones en la regi\u00f3n.<\/p>\n","protected":false},"excerpt":{"rendered":"<p>Antonio Guterres, jefe de la ONU, conden\u00f3 &#8220;con firmeza&#8221; el\u00a0lanzamiento que realiz\u00f3 Corea del Norte\u00a0de un misil bal\u00edstico intercontinental e inst\u00f3 a Pyongyang a &#8220;desistir de tomar cualquier otra acci\u00f3n contraproducente&#8221;, dijo su portavoz. Se espera que el\u00a0Consejo de Seguridad\u00a0se re\u00fana el viernes ante este tiro de Corea del Norte, dijeron diplom\u00e1ticos a la AFP. &hellip;<\/p>\n","protected":false},"author":6,"featured_media":16772,"comment_status":"open","ping_status":"closed","sticky":false,"template":"","format":"standard","meta":[],"categories":[40],"tags":[1138,260],"_links":{"self":[{"href":"https:\/\/www.elgrillitosuena.com\/inicio\/wp-json\/wp\/v2\/posts\/16771"}],"collection":[{"href":"https:\/\/www.elgrillitosuena.com\/inicio\/wp-json\/wp\/v2\/posts"}],"about":[{"href":"https:\/\/www.elgrillitosuena.com\/inicio\/wp-json\/wp\/v2\/types\/post"}],"author":[{"embeddable":true,"href":"https:\/\/www.elgrillitosuena.com\/inicio\/wp-json\/wp\/v2\/users\/6"}],"replies":[{"embeddable":true,"href":"https:\/\/www.elgrillitosuena.com\/inicio\/wp-json\/wp\/v2\/comments?post=16771"}],"version-history":[{"count":1,"href":"https:\/\/www.elgrillitosuena.com\/inicio\/wp-json\/wp\/v2\/posts\/16771\/revisions"}],"predecessor-version":[{"id":16773,"href":"https:\/\/www.elgrillitosuena.com\/inicio\/wp-json\/wp\/v2\/posts\/16771\/revisions\/16773"}],"wp:featuredmedia":[{"embeddable":true,"href":"https:\/\/www.elgrillitosuena.com\/inicio\/wp-json\/wp\/v2\/media\/16772"}],"wp:attachment":[{"href":"https:\/\/www.elgrillitosuena.com\/inicio\/wp-json\/wp\/v2\/media?parent=16771"}],"wp:term":[{"taxonomy":"category","embeddable":true,"href":"https:\/\/www.elgrillitosuena.com\/inicio\/wp-json\/wp\/v2\/categories?post=16771"},{"taxonomy":"post_tag","embeddable":true,"href":"https:\/\/www.elgrillitosuena.com\/inicio\/wp-json\/wp\/v2\/tags?post=16771"}],"curies":[{"name":"wp","href":"https:\/\/api.w.org\/{rel}","templated":true}]}}