{"id":16565,"date":"2022-03-18T20:55:27","date_gmt":"2022-03-18T20:55:27","guid":{"rendered":"https:\/\/www.elgrillitosuena.com\/inicio\/?p=16565"},"modified":"2022-03-18T20:55:27","modified_gmt":"2022-03-18T20:55:27","slug":"el-bronco-esta-delicado-de-salud-revela-manuel-de-la-o","status":"publish","type":"post","link":"https:\/\/www.elgrillitosuena.com\/inicio\/noticias\/mexico\/el-bronco-esta-delicado-de-salud-revela-manuel-de-la-o\/","title":{"rendered":"El Bronco est\u00e1 delicado de salud, revela Manuel de la O"},"content":{"rendered":"<p><img decoding=\"async\" src=\"https:\/\/heraldodemexico.com.mx\/u\/fotografias\/m\/2022\/3\/17\/f960x540-490528_564603_0.jpg\" alt=\"O Cavazos es el primer ex funcionario que realiza una visita a Rodr\u00edguez Calder\u00f3n.\" \/><\/p>\n<p>El ex Gobernador de Nuevo Le\u00f3n\u00a0Jaime Rodr\u00edguez Calder\u00f3n, quien se encuentra internado en el Penal 2 de Apodaca tras ser vinculado a proceso, recibi\u00f3 una visita m\u00e9dica por una posible infecci\u00f3n en el tracto digestivo.<\/p>\n<p>As\u00ed lo revel\u00f3 el ex Secretario de Salud de la entidad,\u00a0Manuel de la O Cavazos\u00a0quien acudi\u00f3 a realizar una visita al centro penitenciario la noche del jueves, la tercera qu\u00e9 pasa el ex Mandatario en el Penal.<\/p>\n<p>Tras ingresar al penal acompa\u00f1ado de otro doctor, el ex titular de salud en la entidad revel\u00f3 a los medios de comunicaci\u00f3n que Rodr\u00edguez Calderon se encuentra bien y tranquilo, pero con algunas complicaciones m\u00e9dicas que no ponen en riesgo su vida.<\/p>\n<p>\u201cRealizamos un chequeo de rutina, tiene como antecedentes importantes padecer hipertensi\u00f3n arterial y diverticulitis, una inflamaci\u00f3n de los diverticulos que se encuentran en el colon, por eso le acompa\u00f1a un\u00a0gastroenter\u00f3logo.<\/p>\n<p>Se encuentra bien de salud, y est\u00e1 tranquilo. Aproveche para saludarlo, saludar a mi amigo. Esta bien de salud\u201d, mencion\u00f3 el pediatra.<\/p>\n<p>De la O Cavazos, adem\u00e1s de ser funcionario durante la administraci\u00f3n de El Bronco, fue amigo cercano del ex mandatario durante a\u00f1os.<\/p>\n<p>Agreg\u00f3 tambi\u00e9n que ellos consideran que el\u00a0ex Mandatario\u00a0puede ser atendido en el centro de reinserci\u00f3n social, por el momento pero seguir\u00e1n monitoreando la evoluci\u00f3n de su salud y su condici\u00f3n.<\/p>\n<p>Apenas horas antes, durante una visita que realiz\u00f3 al Penal 2 de Apodaca, el abogado del Bronco V\u00edctor Olea hab\u00eda informado que se encontraba bien de salud y recibiendo unos medicamentos que necesitaba, pero no espec\u00edfico por qu\u00e9 o qu\u00e9 padecimientos sufre el ex Gobernador.<\/p>\n<p>Cabe mencionar que de la O Cavazos es el primer ex funcionario que realiza una visita a Rodr\u00edguez Calder\u00f3n desde que fue internado en el Penal el martes por la tarde y donde permanece en\u00a0prisi\u00f3n preventiva, siendo esta su tercera noche en el centro de reinserci\u00f3n social.<\/p>\n<p>Con informaci\u00f3n de Heraldo de M\u00e9xico<\/p>\n","protected":false},"excerpt":{"rendered":"<p>El ex Gobernador de Nuevo Le\u00f3n\u00a0Jaime Rodr\u00edguez Calder\u00f3n, quien se encuentra internado en el Penal 2 de Apodaca tras ser vinculado a proceso, recibi\u00f3 una visita m\u00e9dica por una posible infecci\u00f3n en el tracto digestivo. As\u00ed lo revel\u00f3 el ex Secretario de Salud de la entidad,\u00a0Manuel de la O Cavazos\u00a0quien acudi\u00f3 a realizar una visita &hellip;<\/p>\n","protected":false},"author":6,"featured_media":16566,"comment_status":"open","ping_status":"closed","sticky":false,"template":"","format":"standard","meta":[],"categories":[39],"tags":[4427,3831,4481,4482],"_links":{"self":[{"href":"https:\/\/www.elgrillitosuena.com\/inicio\/wp-json\/wp\/v2\/posts\/16565"}],"collection":[{"href":"https:\/\/www.elgrillitosuena.com\/inicio\/wp-json\/wp\/v2\/posts"}],"about":[{"href":"https:\/\/www.elgrillitosuena.com\/inicio\/wp-json\/wp\/v2\/types\/post"}],"author":[{"embeddable":true,"href":"https:\/\/www.elgrillitosuena.com\/inicio\/wp-json\/wp\/v2\/users\/6"}],"replies":[{"embeddable":true,"href":"https:\/\/www.elgrillitosuena.com\/inicio\/wp-json\/wp\/v2\/comments?post=16565"}],"version-history":[{"count":1,"href":"https:\/\/www.elgrillitosuena.com\/inicio\/wp-json\/wp\/v2\/posts\/16565\/revisions"}],"predecessor-version":[{"id":16567,"href":"https:\/\/www.elgrillitosuena.com\/inicio\/wp-json\/wp\/v2\/posts\/16565\/revisions\/16567"}],"wp:featuredmedia":[{"embeddable":true,"href":"https:\/\/www.elgrillitosuena.com\/inicio\/wp-json\/wp\/v2\/media\/16566"}],"wp:attachment":[{"href":"https:\/\/www.elgrillitosuena.com\/inicio\/wp-json\/wp\/v2\/media?parent=16565"}],"wp:term":[{"taxonomy":"category","embeddable":true,"href":"https:\/\/www.elgrillitosuena.com\/inicio\/wp-json\/wp\/v2\/categories?post=16565"},{"taxonomy":"post_tag","embeddable":true,"href":"https:\/\/www.elgrillitosuena.com\/inicio\/wp-json\/wp\/v2\/tags?post=16565"}],"curies":[{"name":"wp","href":"https:\/\/api.w.org\/{rel}","templated":true}]}}