{"id":16556,"date":"2022-03-18T20:04:41","date_gmt":"2022-03-18T20:04:41","guid":{"rendered":"https:\/\/www.elgrillitosuena.com\/inicio\/?p=16556"},"modified":"2022-03-18T20:04:41","modified_gmt":"2022-03-18T20:04:41","slug":"bienestar-anuncia-consulta-nacional-sobre-inclusion-de-personas-con-discapacidad","status":"publish","type":"post","link":"https:\/\/www.elgrillitosuena.com\/inicio\/noticias\/mexico\/bienestar-anuncia-consulta-nacional-sobre-inclusion-de-personas-con-discapacidad\/","title":{"rendered":"Bienestar anuncia consulta nacional sobre inclusi\u00f3n de personas con discapacidad"},"content":{"rendered":"<p><img decoding=\"async\" src=\"https:\/\/cdn2.excelsior.com.mx\/media\/styles\/image800x600\/public\/pictures\/2022\/03\/18\/2730477.jpg\" \/><\/p>\n<p>La titular de laSecretar\u00eda de Bienestar, Ariadna Montiel,\u00a0anunci\u00f3 que\u00a0para el mes de diciembre se realizar\u00e1 una consulta nacional\u00a0sobre la inclusi\u00f3n de las personas con discapacidad.<\/p>\n<p>Durante el segundo d\u00eda de sustentaci\u00f3n del Informe de M\u00e9xico sobre la Instrumentaci\u00f3n y Cumplimiento de la Convenci\u00f3n sobre los Derechos de las Personas con Discapacidad de la ONU, Ariadna Montiel, destac\u00f3 que el gobierno de nuestro pa\u00eds est\u00e1 haciendo un gran esfuerzo por construir un Estado de Bienestar y combatir las brechas de desigualdad.<\/p>\n<p>En enlace virtual con el Comit\u00e9 del Sistema Universal para la Protecci\u00f3n de los Derechos Humanos de Naciones Unidas, indic\u00f3 que, con la\u00a0Pensi\u00f3n para el Bienestar de las Personas con Discapacidad Permanente, elevada a rango constitucional desde el 8 de mayo de 2020, se busca que los m\u00e1s pobres tengan un ingreso b\u00e1sico.<\/p>\n<p>&#8220;Estaremos preparando hacia el mes de diciembre una consulta nacional sobre la inclusi\u00f3n, y la Asamblea Consultiva es estrat\u00e9gica para realizar esta consulta, lo haremos de la mano de la Asamblea, de la sociedad civil, pertenezca o no a la Asamblea, pero tambi\u00e9n de los ciudadanos, porque nosotros en M\u00e9xico tenemos un di\u00e1logo con los ciudadanos todos los d\u00edas, el se\u00f1or presidente informa muy temprano el estado que guarda el gobierno&#8221;, manifest\u00f3.<\/p>\n<p>Con informaci\u00f3n de Exc\u00e9lsior<\/p>\n<p>&nbsp;<\/p>\n","protected":false},"excerpt":{"rendered":"<p>La titular de laSecretar\u00eda de Bienestar, Ariadna Montiel,\u00a0anunci\u00f3 que\u00a0para el mes de diciembre se realizar\u00e1 una consulta nacional\u00a0sobre la inclusi\u00f3n de las personas con discapacidad. Durante el segundo d\u00eda de sustentaci\u00f3n del Informe de M\u00e9xico sobre la Instrumentaci\u00f3n y Cumplimiento de la Convenci\u00f3n sobre los Derechos de las Personas con Discapacidad de la ONU, Ariadna &hellip;<\/p>\n","protected":false},"author":6,"featured_media":16557,"comment_status":"open","ping_status":"closed","sticky":false,"template":"","format":"standard","meta":[],"categories":[39],"tags":[931,2918],"_links":{"self":[{"href":"https:\/\/www.elgrillitosuena.com\/inicio\/wp-json\/wp\/v2\/posts\/16556"}],"collection":[{"href":"https:\/\/www.elgrillitosuena.com\/inicio\/wp-json\/wp\/v2\/posts"}],"about":[{"href":"https:\/\/www.elgrillitosuena.com\/inicio\/wp-json\/wp\/v2\/types\/post"}],"author":[{"embeddable":true,"href":"https:\/\/www.elgrillitosuena.com\/inicio\/wp-json\/wp\/v2\/users\/6"}],"replies":[{"embeddable":true,"href":"https:\/\/www.elgrillitosuena.com\/inicio\/wp-json\/wp\/v2\/comments?post=16556"}],"version-history":[{"count":1,"href":"https:\/\/www.elgrillitosuena.com\/inicio\/wp-json\/wp\/v2\/posts\/16556\/revisions"}],"predecessor-version":[{"id":16558,"href":"https:\/\/www.elgrillitosuena.com\/inicio\/wp-json\/wp\/v2\/posts\/16556\/revisions\/16558"}],"wp:featuredmedia":[{"embeddable":true,"href":"https:\/\/www.elgrillitosuena.com\/inicio\/wp-json\/wp\/v2\/media\/16557"}],"wp:attachment":[{"href":"https:\/\/www.elgrillitosuena.com\/inicio\/wp-json\/wp\/v2\/media?parent=16556"}],"wp:term":[{"taxonomy":"category","embeddable":true,"href":"https:\/\/www.elgrillitosuena.com\/inicio\/wp-json\/wp\/v2\/categories?post=16556"},{"taxonomy":"post_tag","embeddable":true,"href":"https:\/\/www.elgrillitosuena.com\/inicio\/wp-json\/wp\/v2\/tags?post=16556"}],"curies":[{"name":"wp","href":"https:\/\/api.w.org\/{rel}","templated":true}]}}