{"id":16553,"date":"2022-03-18T19:47:19","date_gmt":"2022-03-18T19:47:19","guid":{"rendered":"https:\/\/www.elgrillitosuena.com\/inicio\/?p=16553"},"modified":"2022-03-18T19:47:19","modified_gmt":"2022-03-18T19:47:19","slug":"cuando-y-donde-ubicar-tu-casilla-para-votar-en-la-consulta-de-revocacion-de-mandato-de-amlo","status":"publish","type":"post","link":"https:\/\/www.elgrillitosuena.com\/inicio\/noticias\/mexico\/cuando-y-donde-ubicar-tu-casilla-para-votar-en-la-consulta-de-revocacion-de-mandato-de-amlo\/","title":{"rendered":"\u00bfCu\u00e1ndo y d\u00f3nde ubicar tu casilla para votar en la consulta de revocaci\u00f3n de mandato de AMLO?"},"content":{"rendered":"<p><img decoding=\"async\" src=\"https:\/\/www.diariodequeretaro.com.mx\/incoming\/d5rht8-casillas-votaciones-ine.jpg\/ALTERNATES\/LANDSCAPE_960\/casillas%20votaciones%20INE.jpg\" alt=\"Ser\u00e1n funcionarios de casillas nacidos en agosto y septiembre: INE. INE,  funcionarios de casillas, Elecciones, Noticias Quer\u00e9taro - Diario de  Quer\u00e9taro | Noticias Locales, Policiacas, de M\u00e9xico, Quer\u00e9taro y el Mundo\" \/><\/p>\n<p>Este mi\u00e9rcoles, el consejero del\u00a0Instituto Nacional Electoral\u00a0(INE), Ciro Murayama, respondi\u00f3 a las acusaciones del presidente\u00a0Andr\u00e9s Manuel L\u00f3pez Obrador, quien\u00a0asegur\u00f3 que el \u00f3rgano electoral oculta la informaci\u00f3n\u00a0para localizar casillas de cara a la consulta de\u00a0revocaci\u00f3n de mandato, que se realizar\u00e1 el 10 de abril.<\/p>\n<p>Ante la declaraci\u00f3n del presidente L\u00f3pez Obrador, Murayama retom\u00f3 la informaci\u00f3n del INE y replic\u00f3 al mandatario con la hoja de ruta clara para el ejercicio propuesto por el propio mandatario federal y que se explica de la siguiente manera:<\/p>\n<h2>\u00bfC\u00f3mo ubicar la casilla para votar en la revocaci\u00f3n de mandato?<\/h2>\n<p>Como inform\u00f3 con anterioridad, el Instituto Electoral habilitar\u00e1 el portal\u00a0ubicatucasilla.ine.mx a trav\u00e9s los ciudadanos podr\u00e1n revisar la ubicaci\u00f3n de las casillas para votar.<\/p>\n<h2>\u00bfDesde cu\u00e1ndo se puede ubicar la casilla para votar?<\/h2>\n<p>De acuerdo a las fechas publicadas por el INE, este viernes se aprobar\u00e1n las ubicaciones y ajustes respectivos para la colocaci\u00f3n de casillas, por lo que ser\u00e1 hasta el lunes 28 de marzo que los ciudadanos podr\u00e1n ubicar los m\u00f3dulos para emitir su sufragio.<\/p>\n<p>Al ser publicadas las ubicaciones con 14 d\u00edas de antelaci\u00f3n, el ejercicio de revocaci\u00f3n de mandato contar\u00e1 con esta informaci\u00f3n con la mayor antelaci\u00f3n en la historia reciente.<\/p>\n<p>En las elecciones de 2021, el INE las dio a conocer apenas cinco d\u00edas previos.<\/p>\n<h2>\u00bfCu\u00e1ntas y qu\u00e9 capacidad tendr\u00e1n las casillas para la revocaci\u00f3n de mandato?<\/h2>\n<p>Seg\u00fan el Manual Operativo Revocaci\u00f3n de Mandato y Programas de Asistencia Electoral para Revocaci\u00f3n de Mandato, cada una de las casillas tendr\u00e1 una disponibilidad de sufragios de dos mil personas y en casos excepcionales dos mil 200.<\/p>\n<p>En tanto, y debido al ajuste presupuestal que se le hizo al INE para el ejercicio fiscal 2022, los consejeros informaron que para garantizar la organizaci\u00f3n de la revocaci\u00f3n de mandato, tendr\u00edan que reducir el n\u00famero de ellas respecto a las elecciones ordinarias.<\/p>\n<p>De esta manera, el Consejo General del INE aprob\u00f3 colocar poco m\u00e1s de\u00a057 mil casillas,\u00a0apenas un tercio de las que debieran montarse.<\/p>\n<p><img decoding=\"async\" src=\"https:\/\/www.eluniversal.com.mx\/sites\/default\/files\/upload\/u39647\/revocacion-de-mandato-informacion.jpg\" alt=\"revocacion-de-mandato-informacion.jpg\" \/><\/p>\n<h2>\u00bfQu\u00e9 se preguntar\u00e1 en la consulta de revocaci\u00f3n de mandato?<\/h2>\n<p>La respuesta aprobada que aparecer\u00e1 en la boleta es la siguiente:<\/p>\n<p>\u00bfEst\u00e1s de acuerdo en que a Andr\u00e9s Manuel L\u00f3pez Obrador, Presidente de los Estados Unidos Mexicanos, se le revoque el mandato por p\u00e9rdida de la confianza o siga en la Presidencia de la Rep\u00fablica hasta que termine su periodo?<\/p>\n<p>Con informaci\u00f3n de El Universal<\/p>\n","protected":false},"excerpt":{"rendered":"<p>Este mi\u00e9rcoles, el consejero del\u00a0Instituto Nacional Electoral\u00a0(INE), Ciro Murayama, respondi\u00f3 a las acusaciones del presidente\u00a0Andr\u00e9s Manuel L\u00f3pez Obrador, quien\u00a0asegur\u00f3 que el \u00f3rgano electoral oculta la informaci\u00f3n\u00a0para localizar casillas de cara a la consulta de\u00a0revocaci\u00f3n de mandato, que se realizar\u00e1 el 10 de abril. Ante la declaraci\u00f3n del presidente L\u00f3pez Obrador, Murayama retom\u00f3 la informaci\u00f3n del &hellip;<\/p>\n","protected":false},"author":6,"featured_media":16554,"comment_status":"open","ping_status":"closed","sticky":false,"template":"","format":"standard","meta":[],"categories":[39],"tags":[4480,932,2515],"_links":{"self":[{"href":"https:\/\/www.elgrillitosuena.com\/inicio\/wp-json\/wp\/v2\/posts\/16553"}],"collection":[{"href":"https:\/\/www.elgrillitosuena.com\/inicio\/wp-json\/wp\/v2\/posts"}],"about":[{"href":"https:\/\/www.elgrillitosuena.com\/inicio\/wp-json\/wp\/v2\/types\/post"}],"author":[{"embeddable":true,"href":"https:\/\/www.elgrillitosuena.com\/inicio\/wp-json\/wp\/v2\/users\/6"}],"replies":[{"embeddable":true,"href":"https:\/\/www.elgrillitosuena.com\/inicio\/wp-json\/wp\/v2\/comments?post=16553"}],"version-history":[{"count":1,"href":"https:\/\/www.elgrillitosuena.com\/inicio\/wp-json\/wp\/v2\/posts\/16553\/revisions"}],"predecessor-version":[{"id":16555,"href":"https:\/\/www.elgrillitosuena.com\/inicio\/wp-json\/wp\/v2\/posts\/16553\/revisions\/16555"}],"wp:featuredmedia":[{"embeddable":true,"href":"https:\/\/www.elgrillitosuena.com\/inicio\/wp-json\/wp\/v2\/media\/16554"}],"wp:attachment":[{"href":"https:\/\/www.elgrillitosuena.com\/inicio\/wp-json\/wp\/v2\/media?parent=16553"}],"wp:term":[{"taxonomy":"category","embeddable":true,"href":"https:\/\/www.elgrillitosuena.com\/inicio\/wp-json\/wp\/v2\/categories?post=16553"},{"taxonomy":"post_tag","embeddable":true,"href":"https:\/\/www.elgrillitosuena.com\/inicio\/wp-json\/wp\/v2\/tags?post=16553"}],"curies":[{"name":"wp","href":"https:\/\/api.w.org\/{rel}","templated":true}]}}