{"id":16550,"date":"2022-03-18T19:32:21","date_gmt":"2022-03-18T19:32:21","guid":{"rendered":"https:\/\/www.elgrillitosuena.com\/inicio\/?p=16550"},"modified":"2022-03-18T19:32:21","modified_gmt":"2022-03-18T19:32:21","slug":"revocacion-de-mandato-si-pierdo-me-voy-afirma-amlo-aunque-no-participe-40","status":"publish","type":"post","link":"https:\/\/www.elgrillitosuena.com\/inicio\/noticias\/mexico\/revocacion-de-mandato-si-pierdo-me-voy-afirma-amlo-aunque-no-participe-40\/","title":{"rendered":"Revocaci\u00f3n de mandato: \u2018si pierdo me voy\u2019, afirma AMLO, aunque no participe 40%"},"content":{"rendered":"<p><img decoding=\"async\" src=\"https:\/\/tribunadelabahia.s3.us-west-2.amazonaws.com\/uploads\/2021\/08\/04-amlo-1-cover.jpg\" alt=\"Puedo irme con la conciencia tranquila: AMLO\" \/><\/p>\n<p>El presidente Andr\u00e9s Manuel L\u00f3pez Obrador afirm\u00f3 que, aunque la consulta de revocaci\u00f3n de mandato no alcance una participaci\u00f3n del 40% de los ciudadanos inscritos en el padr\u00f3n electoral, si la mayor\u00eda vota en su contra, dejar\u00e1 la Presidencia de la Rep\u00fablica.<\/p>\n<p>Durante su conferencia de prensa\u00a0<i>ma\u00f1anera<\/i> en Minatitl\u00e1n, Veracruz, convoc\u00f3 a la ciudadan\u00eda a participar en el ejercicio de participaci\u00f3n ciudadana programado para el pr\u00f3ximo 10 de abril.<\/p>\n<p>El mandatario celebr\u00f3 la aprobaci\u00f3n en el Senado del decreto que permite que servidores p\u00fablicos puedan promover la consulta de revocaci\u00f3n de mandato, al considerar que es un tema fundamental para la democracia.<\/p>\n<p>Tambi\u00e9n hizo un llamado, tanto a sus simpatizantes como a sus opositores, para que participen en la consulta, aunque sea en su contra.<\/p>\n<p>Con informaci\u00f3n de Aristegui Noticias<\/p>\n<p>&nbsp;<\/p>\n","protected":false},"excerpt":{"rendered":"<p>El presidente Andr\u00e9s Manuel L\u00f3pez Obrador afirm\u00f3 que, aunque la consulta de revocaci\u00f3n de mandato no alcance una participaci\u00f3n del 40% de los ciudadanos inscritos en el padr\u00f3n electoral, si la mayor\u00eda vota en su contra, dejar\u00e1 la Presidencia de la Rep\u00fablica. Durante su conferencia de prensa\u00a0ma\u00f1anera en Minatitl\u00e1n, Veracruz, convoc\u00f3 a la ciudadan\u00eda a &hellip;<\/p>\n","protected":false},"author":6,"featured_media":16551,"comment_status":"open","ping_status":"closed","sticky":false,"template":"","format":"standard","meta":[],"categories":[39],"tags":[98,2515],"_links":{"self":[{"href":"https:\/\/www.elgrillitosuena.com\/inicio\/wp-json\/wp\/v2\/posts\/16550"}],"collection":[{"href":"https:\/\/www.elgrillitosuena.com\/inicio\/wp-json\/wp\/v2\/posts"}],"about":[{"href":"https:\/\/www.elgrillitosuena.com\/inicio\/wp-json\/wp\/v2\/types\/post"}],"author":[{"embeddable":true,"href":"https:\/\/www.elgrillitosuena.com\/inicio\/wp-json\/wp\/v2\/users\/6"}],"replies":[{"embeddable":true,"href":"https:\/\/www.elgrillitosuena.com\/inicio\/wp-json\/wp\/v2\/comments?post=16550"}],"version-history":[{"count":1,"href":"https:\/\/www.elgrillitosuena.com\/inicio\/wp-json\/wp\/v2\/posts\/16550\/revisions"}],"predecessor-version":[{"id":16552,"href":"https:\/\/www.elgrillitosuena.com\/inicio\/wp-json\/wp\/v2\/posts\/16550\/revisions\/16552"}],"wp:featuredmedia":[{"embeddable":true,"href":"https:\/\/www.elgrillitosuena.com\/inicio\/wp-json\/wp\/v2\/media\/16551"}],"wp:attachment":[{"href":"https:\/\/www.elgrillitosuena.com\/inicio\/wp-json\/wp\/v2\/media?parent=16550"}],"wp:term":[{"taxonomy":"category","embeddable":true,"href":"https:\/\/www.elgrillitosuena.com\/inicio\/wp-json\/wp\/v2\/categories?post=16550"},{"taxonomy":"post_tag","embeddable":true,"href":"https:\/\/www.elgrillitosuena.com\/inicio\/wp-json\/wp\/v2\/tags?post=16550"}],"curies":[{"name":"wp","href":"https:\/\/api.w.org\/{rel}","templated":true}]}}