{"id":16546,"date":"2022-03-18T19:25:42","date_gmt":"2022-03-18T19:25:42","guid":{"rendered":"https:\/\/www.elgrillitosuena.com\/inicio\/?p=16546"},"modified":"2022-03-18T19:25:42","modified_gmt":"2022-03-18T19:25:42","slug":"atiende-caravana-de-la-salud-del-dif-a-familias-de-la-colonia-movimiento-antorchista","status":"publish","type":"post","link":"https:\/\/www.elgrillitosuena.com\/inicio\/noticias\/uruapan\/atiende-caravana-de-la-salud-del-dif-a-familias-de-la-colonia-movimiento-antorchista\/","title":{"rendered":"Atiende Caravana de la Salud del DIF a familias de la colonia Movimiento Antorchista"},"content":{"rendered":"<p><img decoding=\"async\" loading=\"lazy\" class=\"alignnone  wp-image-16547\" src=\"https:\/\/www.elgrillitosuena.com\/inicio\/wp-content\/uploads\/2022\/03\/WhatsApp-Image-2022-03-18-at-1.20.50-PM-300x200.jpeg\" alt=\"\" width=\"690\" height=\"460\" srcset=\"https:\/\/www.elgrillitosuena.com\/inicio\/wp-content\/uploads\/2022\/03\/WhatsApp-Image-2022-03-18-at-1.20.50-PM-300x200.jpeg 300w, https:\/\/www.elgrillitosuena.com\/inicio\/wp-content\/uploads\/2022\/03\/WhatsApp-Image-2022-03-18-at-1.20.50-PM-1024x682.jpeg 1024w, https:\/\/www.elgrillitosuena.com\/inicio\/wp-content\/uploads\/2022\/03\/WhatsApp-Image-2022-03-18-at-1.20.50-PM-768x512.jpeg 768w, https:\/\/www.elgrillitosuena.com\/inicio\/wp-content\/uploads\/2022\/03\/WhatsApp-Image-2022-03-18-at-1.20.50-PM-1536x1023.jpeg 1536w, https:\/\/www.elgrillitosuena.com\/inicio\/wp-content\/uploads\/2022\/03\/WhatsApp-Image-2022-03-18-at-1.20.50-PM.jpeg 1600w\" sizes=\"(max-width: 690px) 100vw, 690px\" \/><\/p>\n<p>La Caravana de la Salud del DIF municipal continu\u00f3 con sus servicios m\u00e9dicos en las colonias y comunidades de esta ciudad, y en esta ocasi\u00f3n los beneficiados fueron los vecinos del asentamiento Movimiento Antorchista, quienes recibieron consultas y atenci\u00f3n en podolog\u00eda, odontolog\u00eda, nutrici\u00f3n y medicina general.<\/p>\n<p>La Caravana de la Salud se asent\u00f3 desde el martes pasado en dicha colonia, en beneficio tambi\u00e9n de habitantes de Valle Verde, UVAL, La Guadalupe, Reforma, Mario Moreno Reyes y Los Laureles, entre otras, en un esfuerzo del DIF municipal por descentralizar los servicios de salud.<\/p>\n<p><img decoding=\"async\" loading=\"lazy\" class=\"alignnone  wp-image-16548\" src=\"https:\/\/www.elgrillitosuena.com\/inicio\/wp-content\/uploads\/2022\/03\/WhatsApp-Image-2022-03-18-at-1.20.51-PM-1-300x200.jpeg\" alt=\"\" width=\"599\" height=\"399\" srcset=\"https:\/\/www.elgrillitosuena.com\/inicio\/wp-content\/uploads\/2022\/03\/WhatsApp-Image-2022-03-18-at-1.20.51-PM-1-300x200.jpeg 300w, https:\/\/www.elgrillitosuena.com\/inicio\/wp-content\/uploads\/2022\/03\/WhatsApp-Image-2022-03-18-at-1.20.51-PM-1-1024x682.jpeg 1024w, https:\/\/www.elgrillitosuena.com\/inicio\/wp-content\/uploads\/2022\/03\/WhatsApp-Image-2022-03-18-at-1.20.51-PM-1-768x512.jpeg 768w, https:\/\/www.elgrillitosuena.com\/inicio\/wp-content\/uploads\/2022\/03\/WhatsApp-Image-2022-03-18-at-1.20.51-PM-1-1536x1023.jpeg 1536w, https:\/\/www.elgrillitosuena.com\/inicio\/wp-content\/uploads\/2022\/03\/WhatsApp-Image-2022-03-18-at-1.20.51-PM-1-310x205.jpeg 310w, https:\/\/www.elgrillitosuena.com\/inicio\/wp-content\/uploads\/2022\/03\/WhatsApp-Image-2022-03-18-at-1.20.51-PM-1.jpeg 1600w\" sizes=\"(max-width: 599px) 100vw, 599px\" \/><\/p>\n<p>Jessica Ortiz, habitante de la colonia Valle Verde, opin\u00f3 que la Caravana de la Salud es una excelente oportunidad para recibir atenci\u00f3n m\u00e9dica sin tener que trasladarse a otras instalaciones, lo que se traduce en un ahorro de tiempo y de dinero para decenas de familias.<\/p>\n<p>Cabe anotar que la Caravana de la Salud del DIF municipal no solamente brinda atenci\u00f3n m\u00e9dica de primera instancia y preventiva, sino que apoya a los habitantes que lo necesiten con canalizaciones al Hospital Regional, para estudios m\u00e9dicos y consultas con especialistas.<\/p>\n<p>La Caravana de la Salud llegar\u00e1 finalmente a la colonia Tejer\u00edas el pr\u00f3ximo 22 de marzo, con horario de 9:00 a 12:00 horas.<\/p>\n","protected":false},"excerpt":{"rendered":"<p>La Caravana de la Salud del DIF municipal continu\u00f3 con sus servicios m\u00e9dicos en las colonias y comunidades de esta ciudad, y en esta ocasi\u00f3n los beneficiados fueron los vecinos del asentamiento Movimiento Antorchista, quienes recibieron consultas y atenci\u00f3n en podolog\u00eda, odontolog\u00eda, nutrici\u00f3n y medicina general. La Caravana de la Salud se asent\u00f3 desde el &hellip;<\/p>\n","protected":false},"author":6,"featured_media":16547,"comment_status":"open","ping_status":"closed","sticky":false,"template":"","format":"standard","meta":[],"categories":[37],"tags":[4479,2833],"_links":{"self":[{"href":"https:\/\/www.elgrillitosuena.com\/inicio\/wp-json\/wp\/v2\/posts\/16546"}],"collection":[{"href":"https:\/\/www.elgrillitosuena.com\/inicio\/wp-json\/wp\/v2\/posts"}],"about":[{"href":"https:\/\/www.elgrillitosuena.com\/inicio\/wp-json\/wp\/v2\/types\/post"}],"author":[{"embeddable":true,"href":"https:\/\/www.elgrillitosuena.com\/inicio\/wp-json\/wp\/v2\/users\/6"}],"replies":[{"embeddable":true,"href":"https:\/\/www.elgrillitosuena.com\/inicio\/wp-json\/wp\/v2\/comments?post=16546"}],"version-history":[{"count":1,"href":"https:\/\/www.elgrillitosuena.com\/inicio\/wp-json\/wp\/v2\/posts\/16546\/revisions"}],"predecessor-version":[{"id":16549,"href":"https:\/\/www.elgrillitosuena.com\/inicio\/wp-json\/wp\/v2\/posts\/16546\/revisions\/16549"}],"wp:featuredmedia":[{"embeddable":true,"href":"https:\/\/www.elgrillitosuena.com\/inicio\/wp-json\/wp\/v2\/media\/16547"}],"wp:attachment":[{"href":"https:\/\/www.elgrillitosuena.com\/inicio\/wp-json\/wp\/v2\/media?parent=16546"}],"wp:term":[{"taxonomy":"category","embeddable":true,"href":"https:\/\/www.elgrillitosuena.com\/inicio\/wp-json\/wp\/v2\/categories?post=16546"},{"taxonomy":"post_tag","embeddable":true,"href":"https:\/\/www.elgrillitosuena.com\/inicio\/wp-json\/wp\/v2\/tags?post=16546"}],"curies":[{"name":"wp","href":"https:\/\/api.w.org\/{rel}","templated":true}]}}