{"id":16329,"date":"2022-03-15T16:31:44","date_gmt":"2022-03-15T16:31:44","guid":{"rendered":"https:\/\/www.elgrillitosuena.com\/inicio\/?p=16329"},"modified":"2022-03-15T16:31:44","modified_gmt":"2022-03-15T16:31:44","slug":"mexico-y-eu-reafirman-compromiso-de-seguridad-compartida","status":"publish","type":"post","link":"https:\/\/www.elgrillitosuena.com\/inicio\/noticias\/mexico\/mexico-y-eu-reafirman-compromiso-de-seguridad-compartida\/","title":{"rendered":"M\u00e9xico y EU reafirman compromiso de seguridad compartida"},"content":{"rendered":"<p><img decoding=\"async\" src=\"https:\/\/www.elsoldemexico.com.mx\/mexico\/sociedad\/3tk2ht-sre-ken-salazar\/alternates\/LANDSCAPE_768\/SRE%20ken%20salazar\" \/><\/p>\n<p>Tras los incidentes registrados en las \u00faltimas horas en\u00a0Nuevo Laredo, Tamaulipas, particularmente en contra del\u00a0Consulado de Estados Unidos,\u00a0la Secretar\u00eda de Relaciones Exteriores\u00a0inform\u00f3 que los dos pa\u00edses reafirman su compromiso de seguridad compartida bajo el\u00a0Entendimiento Bicentenario.<\/p>\n<p>Ambos gobiernos refrendan el objetivo com\u00fan de hacer valer el peso de la ley de los dos pa\u00edses frente a las organizaciones del crimen transnacional.<\/p>\n<p>La SRE\u00a0manifiesta que mantiene comunicaci\u00f3n directa y constante con los representantes diplom\u00e1ticos de\u00a0Estados Unidos\u00a0en el pa\u00eds, en virtud de las implicaciones y posibles afectaciones para dicho personal que ah\u00ed labora.<\/p>\n<p>Adem\u00e1s, se tomaron medidas inmediatas con el fin de brindar seguridad a dicha representaci\u00f3n consular. Y se convino el cierre de atenci\u00f3n al p\u00fablico de manera temporal, as\u00ed como operaciones puntuales para resguardar el inmueble y al personal diplom\u00e1tico y consular que ah\u00ed labora.<\/p>\n<p>El gobierno de M\u00e9xico\u00a0subraya su compromiso de cooperaci\u00f3n en materia de seguridad a los Estados Unidos bajo el nuevo\u00a0Entendimiento Bicentenario. Desde una visi\u00f3n de responsabilidad compartida, y en el marco de los incidentes registrados en\u00a0Tamaulipas,\u00a0los gobiernos de ambas naciones estrechar\u00e1n a\u00fan m\u00e1s la cooperaci\u00f3n en materia de seguridad a fin de terminar con la impunidad y llevar ante la justicia a las personas involucradas en atentados.<\/p>\n<p>Con informaci\u00f3n de El Sol de M\u00e9xico<\/p>\n","protected":false},"excerpt":{"rendered":"<p>Tras los incidentes registrados en las \u00faltimas horas en\u00a0Nuevo Laredo, Tamaulipas, particularmente en contra del\u00a0Consulado de Estados Unidos,\u00a0la Secretar\u00eda de Relaciones Exteriores\u00a0inform\u00f3 que los dos pa\u00edses reafirman su compromiso de seguridad compartida bajo el\u00a0Entendimiento Bicentenario. Ambos gobiernos refrendan el objetivo com\u00fan de hacer valer el peso de la ley de los dos pa\u00edses frente a &hellip;<\/p>\n","protected":false},"author":6,"featured_media":16330,"comment_status":"open","ping_status":"closed","sticky":false,"template":"","format":"standard","meta":[],"categories":[39],"tags":[2932,405,156,1020],"_links":{"self":[{"href":"https:\/\/www.elgrillitosuena.com\/inicio\/wp-json\/wp\/v2\/posts\/16329"}],"collection":[{"href":"https:\/\/www.elgrillitosuena.com\/inicio\/wp-json\/wp\/v2\/posts"}],"about":[{"href":"https:\/\/www.elgrillitosuena.com\/inicio\/wp-json\/wp\/v2\/types\/post"}],"author":[{"embeddable":true,"href":"https:\/\/www.elgrillitosuena.com\/inicio\/wp-json\/wp\/v2\/users\/6"}],"replies":[{"embeddable":true,"href":"https:\/\/www.elgrillitosuena.com\/inicio\/wp-json\/wp\/v2\/comments?post=16329"}],"version-history":[{"count":1,"href":"https:\/\/www.elgrillitosuena.com\/inicio\/wp-json\/wp\/v2\/posts\/16329\/revisions"}],"predecessor-version":[{"id":16331,"href":"https:\/\/www.elgrillitosuena.com\/inicio\/wp-json\/wp\/v2\/posts\/16329\/revisions\/16331"}],"wp:featuredmedia":[{"embeddable":true,"href":"https:\/\/www.elgrillitosuena.com\/inicio\/wp-json\/wp\/v2\/media\/16330"}],"wp:attachment":[{"href":"https:\/\/www.elgrillitosuena.com\/inicio\/wp-json\/wp\/v2\/media?parent=16329"}],"wp:term":[{"taxonomy":"category","embeddable":true,"href":"https:\/\/www.elgrillitosuena.com\/inicio\/wp-json\/wp\/v2\/categories?post=16329"},{"taxonomy":"post_tag","embeddable":true,"href":"https:\/\/www.elgrillitosuena.com\/inicio\/wp-json\/wp\/v2\/tags?post=16329"}],"curies":[{"name":"wp","href":"https:\/\/api.w.org\/{rel}","templated":true}]}}