{"id":16323,"date":"2022-03-15T16:15:38","date_gmt":"2022-03-15T16:15:38","guid":{"rendered":"https:\/\/www.elgrillitosuena.com\/inicio\/?p=16323"},"modified":"2022-03-15T16:15:38","modified_gmt":"2022-03-15T16:15:38","slug":"ya-viene-segundo-avion-sale-con-57-mexicanos-5-extranjeros-y-5-lomitos","status":"publish","type":"post","link":"https:\/\/www.elgrillitosuena.com\/inicio\/noticias\/mexico\/ya-viene-segundo-avion-sale-con-57-mexicanos-5-extranjeros-y-5-lomitos\/","title":{"rendered":"\u00a1Ya viene! Segundo avi\u00f3n sale con 57 mexicanos, 5 extranjeros y 5 &#8220;lomitos&#8221;"},"content":{"rendered":"<p><img decoding=\"async\" src=\"https:\/\/cdn2.excelsior.com.mx\/media\/styles\/image800x600\/public\/pictures\/2022\/03\/15\/2728482.jpg\" alt=\"Regresan mexicanos rescatados de Ucrania; hacen escala en Irlanda\" \/><\/p>\n<p>Este martes sali\u00f3 de Rumania el segundo avi\u00f3n de la Fuerza A\u00e9rea Mexicana que repatriar\u00e1 a otro grupo de mexicanos que fue evacuado de Kiev,\u00a0Ucrania, inform\u00f3 el titular de la Secretar\u00eda de Relaciones Exteriores (SRE), Marcelo Ebrard.<\/p>\n<p>De acuerdo con la embajadora de M\u00e9xico en Ucrania, Olga Garc\u00eda Guill\u00e9n, el avi\u00f3n despeg\u00f3 de Rumania a las 08:00 horas y luego realizar\u00e1 una primera escala en Irlanda.<\/p>\n<p><img decoding=\"async\" src=\"https:\/\/www.radioformula.com.mx\/u\/fotografias\/m\/2022\/3\/15\/f768x400-327273_371176_5050.jpg\" \/><\/p>\n<p>Olga Garc\u00eda se\u00f1al\u00f3 que la evacuaci\u00f3n de los mexicanos se logr\u00f3 con el trabajo coordinado entre\u00a0de las embajadas de M\u00e9xico en\u00a0Ucrania y en Rumania, asimismo agradeci\u00f3 el apoyo del presidente mexicano Andr\u00e9s Manuel L\u00f3pez Obrador y del canciller Ebrard.<\/p>\n<p>Aclar\u00f3 que el grupo de mexicanos que viaja en el avi\u00f3n solicit\u00f3 ser repatriado, pues se\u00f1al\u00f3 que otros s\u00f3lo salieron de Ucrania y se refugian en Rumania, en espera de que termine la invasi\u00f3n rusa.<\/p>\n<p>Por su parte, el secretario de Relaciones Exteriores confirm\u00f3 en su cuenta de Twitter que las 63 personas\u00a0que lograron salir de Ucrania &#8220;ya vienen en camino&#8221;.<\/p>\n<p>Detall\u00f3 que en el avi\u00f3n viajan 57 mexicanos, cinco peruano-ucranianos\u00a0y cinco perros, as\u00ed como las 23 personas que conforman\u00a0 la tripulaci\u00f3n y medios de comunicaci\u00f3n que acompa\u00f1an la operaci\u00f3n rescate.<\/p>\n<p>El\u00a0avi\u00f3n de la Fuerza A\u00e9rea Mexicana que traslada a los connacionales aterriz\u00f3 en\u00a0Bucarest, capital rumana, el pasado s\u00e1bado 12 de marzo, y\u00a0se espera que aterrice en suelo mexicano durante las primeras horas del pr\u00f3ximo jueves 17 de marzo.<\/p>\n<p>Con informaci\u00f3n de Radio F\u00f3rmula<\/p>\n","protected":false},"excerpt":{"rendered":"<p>Este martes sali\u00f3 de Rumania el segundo avi\u00f3n de la Fuerza A\u00e9rea Mexicana que repatriar\u00e1 a otro grupo de mexicanos que fue evacuado de Kiev,\u00a0Ucrania, inform\u00f3 el titular de la Secretar\u00eda de Relaciones Exteriores (SRE), Marcelo Ebrard. De acuerdo con la embajadora de M\u00e9xico en Ucrania, Olga Garc\u00eda Guill\u00e9n, el avi\u00f3n despeg\u00f3 de Rumania a &hellip;<\/p>\n","protected":false},"author":6,"featured_media":16324,"comment_status":"open","ping_status":"closed","sticky":false,"template":"","format":"standard","meta":[],"categories":[39,40],"tags":[4361,1345,4362,3714],"_links":{"self":[{"href":"https:\/\/www.elgrillitosuena.com\/inicio\/wp-json\/wp\/v2\/posts\/16323"}],"collection":[{"href":"https:\/\/www.elgrillitosuena.com\/inicio\/wp-json\/wp\/v2\/posts"}],"about":[{"href":"https:\/\/www.elgrillitosuena.com\/inicio\/wp-json\/wp\/v2\/types\/post"}],"author":[{"embeddable":true,"href":"https:\/\/www.elgrillitosuena.com\/inicio\/wp-json\/wp\/v2\/users\/6"}],"replies":[{"embeddable":true,"href":"https:\/\/www.elgrillitosuena.com\/inicio\/wp-json\/wp\/v2\/comments?post=16323"}],"version-history":[{"count":1,"href":"https:\/\/www.elgrillitosuena.com\/inicio\/wp-json\/wp\/v2\/posts\/16323\/revisions"}],"predecessor-version":[{"id":16325,"href":"https:\/\/www.elgrillitosuena.com\/inicio\/wp-json\/wp\/v2\/posts\/16323\/revisions\/16325"}],"wp:featuredmedia":[{"embeddable":true,"href":"https:\/\/www.elgrillitosuena.com\/inicio\/wp-json\/wp\/v2\/media\/16324"}],"wp:attachment":[{"href":"https:\/\/www.elgrillitosuena.com\/inicio\/wp-json\/wp\/v2\/media?parent=16323"}],"wp:term":[{"taxonomy":"category","embeddable":true,"href":"https:\/\/www.elgrillitosuena.com\/inicio\/wp-json\/wp\/v2\/categories?post=16323"},{"taxonomy":"post_tag","embeddable":true,"href":"https:\/\/www.elgrillitosuena.com\/inicio\/wp-json\/wp\/v2\/tags?post=16323"}],"curies":[{"name":"wp","href":"https:\/\/api.w.org\/{rel}","templated":true}]}}