{"id":16309,"date":"2022-03-15T15:38:13","date_gmt":"2022-03-15T15:38:13","guid":{"rendered":"https:\/\/www.elgrillitosuena.com\/inicio\/?p=16309"},"modified":"2022-03-15T15:38:13","modified_gmt":"2022-03-15T15:38:13","slug":"haremos-lo-posible-para-que-atletico-morelia-vuelva-a-primera-division-bedolla","status":"publish","type":"post","link":"https:\/\/www.elgrillitosuena.com\/inicio\/noticias\/michoacan\/haremos-lo-posible-para-que-atletico-morelia-vuelva-a-primera-division-bedolla\/","title":{"rendered":"Haremos lo posible para que Atl\u00e9tico Morelia vuelva a primera divisi\u00f3n: Bedolla"},"content":{"rendered":"<p><img decoding=\"async\" loading=\"lazy\" class=\"alignnone  wp-image-16310\" src=\"https:\/\/www.elgrillitosuena.com\/inicio\/wp-content\/uploads\/2022\/03\/WhatsApp-Image-2022-03-15-at-9.23.15-AM-300x193.jpeg\" alt=\"\" width=\"654\" height=\"421\" srcset=\"https:\/\/www.elgrillitosuena.com\/inicio\/wp-content\/uploads\/2022\/03\/WhatsApp-Image-2022-03-15-at-9.23.15-AM-300x193.jpeg 300w, https:\/\/www.elgrillitosuena.com\/inicio\/wp-content\/uploads\/2022\/03\/WhatsApp-Image-2022-03-15-at-9.23.15-AM-1024x660.jpeg 1024w, https:\/\/www.elgrillitosuena.com\/inicio\/wp-content\/uploads\/2022\/03\/WhatsApp-Image-2022-03-15-at-9.23.15-AM-768x495.jpeg 768w, https:\/\/www.elgrillitosuena.com\/inicio\/wp-content\/uploads\/2022\/03\/WhatsApp-Image-2022-03-15-at-9.23.15-AM.jpeg 1284w\" sizes=\"(max-width: 654px) 100vw, 654px\" \/><\/p>\n<p>El gobernador Alfredo Ram\u00edrez Bedolla celebr\u00f3 que el Estadio Morelos haya sido elegido para que se realice el partido entre Quer\u00e9taro y Atl\u00e9tico de San Luis. A\u00f1adi\u00f3 que por su afici\u00f3n, Morelia es una buena plaza, \u201cy haremos lo posible para que el f\u00fatbol de primera divisi\u00f3n vuelva a la capital michoacana\u201d, manifest\u00f3.<\/p>\n<p>El gobernador destac\u00f3 que Michoac\u00e1n tiene las condiciones para participar en la primera divisi\u00f3n del f\u00fatbol mexicano, ya que cuenta con buena infraestructura para albergar al club de casa y visitantes, tiene en el Atl\u00e9tico Morelia a un equipo competitivo, y cuenta con una afici\u00f3n muy entregada.<\/p>\n<p><img decoding=\"async\" loading=\"lazy\" class=\"alignnone  wp-image-16311\" src=\"https:\/\/www.elgrillitosuena.com\/inicio\/wp-content\/uploads\/2022\/03\/WhatsApp-Image-2022-03-15-at-9.23.14-AM-2-300x200.jpeg\" alt=\"\" width=\"716\" height=\"477\" srcset=\"https:\/\/www.elgrillitosuena.com\/inicio\/wp-content\/uploads\/2022\/03\/WhatsApp-Image-2022-03-15-at-9.23.14-AM-2-300x200.jpeg 300w, https:\/\/www.elgrillitosuena.com\/inicio\/wp-content\/uploads\/2022\/03\/WhatsApp-Image-2022-03-15-at-9.23.14-AM-2-1024x682.jpeg 1024w, https:\/\/www.elgrillitosuena.com\/inicio\/wp-content\/uploads\/2022\/03\/WhatsApp-Image-2022-03-15-at-9.23.14-AM-2-768x512.jpeg 768w, https:\/\/www.elgrillitosuena.com\/inicio\/wp-content\/uploads\/2022\/03\/WhatsApp-Image-2022-03-15-at-9.23.14-AM-2-1536x1023.jpeg 1536w, https:\/\/www.elgrillitosuena.com\/inicio\/wp-content\/uploads\/2022\/03\/WhatsApp-Image-2022-03-15-at-9.23.14-AM-2.jpeg 1600w\" sizes=\"(max-width: 716px) 100vw, 716px\" \/><\/p>\n<p>En d\u00edas pr\u00f3ximos, Alfredo Ram\u00edrez tambi\u00e9n se reunir\u00e1 con directivos del Atl\u00e9tico Morelia con el prop\u00f3sito de sumar esfuerzos para fortalecer a la escuadra michoacana; \u201cquienes forman parte del Club, as\u00ed como muchos michoacanos y michoacanas, tenemos un mismo objetivo: volver a primera divisi\u00f3n, porque al margen de la cancha, el f\u00fatbol de primer nivel representa una actividad econ\u00f3mica importante para un gran n\u00famero de familias, y para la propia ciudad de Morelia\u201d, afirm\u00f3.<\/p>\n<p>Aunque la jornada 11 entre Quer\u00e9taro y San Luis se realizar\u00e1 a puerta cerrada, el gobernador manifest\u00f3 su respaldo a la Liga MX para que este partido pueda desarrollarse en las mejores condiciones, y que el Estadio Morelos siga siendo considerado para otros encuentros.<\/p>\n","protected":false},"excerpt":{"rendered":"<p>El gobernador Alfredo Ram\u00edrez Bedolla celebr\u00f3 que el Estadio Morelos haya sido elegido para que se realice el partido entre Quer\u00e9taro y Atl\u00e9tico de San Luis. A\u00f1adi\u00f3 que por su afici\u00f3n, Morelia es una buena plaza, \u201cy haremos lo posible para que el f\u00fatbol de primera divisi\u00f3n vuelva a la capital michoacana\u201d, manifest\u00f3. El gobernador &hellip;<\/p>\n","protected":false},"author":6,"featured_media":16310,"comment_status":"open","ping_status":"closed","sticky":false,"template":"","format":"standard","meta":[],"categories":[45,38],"tags":[1644,4415,4416],"_links":{"self":[{"href":"https:\/\/www.elgrillitosuena.com\/inicio\/wp-json\/wp\/v2\/posts\/16309"}],"collection":[{"href":"https:\/\/www.elgrillitosuena.com\/inicio\/wp-json\/wp\/v2\/posts"}],"about":[{"href":"https:\/\/www.elgrillitosuena.com\/inicio\/wp-json\/wp\/v2\/types\/post"}],"author":[{"embeddable":true,"href":"https:\/\/www.elgrillitosuena.com\/inicio\/wp-json\/wp\/v2\/users\/6"}],"replies":[{"embeddable":true,"href":"https:\/\/www.elgrillitosuena.com\/inicio\/wp-json\/wp\/v2\/comments?post=16309"}],"version-history":[{"count":1,"href":"https:\/\/www.elgrillitosuena.com\/inicio\/wp-json\/wp\/v2\/posts\/16309\/revisions"}],"predecessor-version":[{"id":16312,"href":"https:\/\/www.elgrillitosuena.com\/inicio\/wp-json\/wp\/v2\/posts\/16309\/revisions\/16312"}],"wp:featuredmedia":[{"embeddable":true,"href":"https:\/\/www.elgrillitosuena.com\/inicio\/wp-json\/wp\/v2\/media\/16310"}],"wp:attachment":[{"href":"https:\/\/www.elgrillitosuena.com\/inicio\/wp-json\/wp\/v2\/media?parent=16309"}],"wp:term":[{"taxonomy":"category","embeddable":true,"href":"https:\/\/www.elgrillitosuena.com\/inicio\/wp-json\/wp\/v2\/categories?post=16309"},{"taxonomy":"post_tag","embeddable":true,"href":"https:\/\/www.elgrillitosuena.com\/inicio\/wp-json\/wp\/v2\/tags?post=16309"}],"curies":[{"name":"wp","href":"https:\/\/api.w.org\/{rel}","templated":true}]}}