{"id":16304,"date":"2022-03-14T20:34:10","date_gmt":"2022-03-14T20:34:10","guid":{"rendered":"https:\/\/www.elgrillitosuena.com\/inicio\/?p=16304"},"modified":"2022-03-14T20:34:10","modified_gmt":"2022-03-14T20:34:10","slug":"respalda-bedolla-a-carapan-en-el-ejercicio-del-autogobierno-y-presupuesto-directo","status":"publish","type":"post","link":"https:\/\/www.elgrillitosuena.com\/inicio\/noticias\/michoacan\/respalda-bedolla-a-carapan-en-el-ejercicio-del-autogobierno-y-presupuesto-directo\/","title":{"rendered":"Respalda Bedolla a Carapan en el ejercicio del autogobierno y presupuesto directo"},"content":{"rendered":"<p><img decoding=\"async\" loading=\"lazy\" class=\"alignnone wp-image-16305 \" src=\"https:\/\/www.elgrillitosuena.com\/inicio\/wp-content\/uploads\/2022\/03\/40622412-e1647289848118-300x185.jpg\" alt=\"\" width=\"671\" height=\"414\" srcset=\"https:\/\/www.elgrillitosuena.com\/inicio\/wp-content\/uploads\/2022\/03\/40622412-e1647289848118-300x185.jpg 300w, https:\/\/www.elgrillitosuena.com\/inicio\/wp-content\/uploads\/2022\/03\/40622412-e1647289848118-768x474.jpg 768w, https:\/\/www.elgrillitosuena.com\/inicio\/wp-content\/uploads\/2022\/03\/40622412-e1647289848118.jpg 995w\" sizes=\"(max-width: 671px) 100vw, 671px\" \/><\/p>\n<p>El gobernador Alfredo Ram\u00edrez Bedolla felicit\u00f3 a las y los habitantes de la comunidad ind\u00edgena de Carapan, en el municipio de Chilchota, por haber logrado el consenso necesario para tener autogobierno, y ofreci\u00f3 a la poblaci\u00f3n el respaldo del Gobierno de Michoac\u00e1n para ejercer el presupuesto directo.<\/p>\n<p>El titular del Ejecutivo en Michoac\u00e1n tambi\u00e9n reconoci\u00f3 la labor de los consejeros del Instituto Electoral de Michoac\u00e1n (IEM) por la organizaci\u00f3n de la consulta previa, libre e informada realizada ayer en la comunidad ind\u00edgena, donde sus habitantes definieron el autogobierno y la administraci\u00f3n directa de su presupuesto, en cumplimiento a una disposici\u00f3n de la Ley Org\u00e1nica Municipal que el propio gobernador impuls\u00f3 durante su paso por el Congreso del Estado.<\/p>\n<p><img decoding=\"async\" loading=\"lazy\" class=\"alignnone  wp-image-16306\" src=\"https:\/\/www.elgrillitosuena.com\/inicio\/wp-content\/uploads\/2022\/03\/7fb2710e-031a-4fac-a563-f241e1f0526a-300x200.jpg\" alt=\"\" width=\"653\" height=\"435\" srcset=\"https:\/\/www.elgrillitosuena.com\/inicio\/wp-content\/uploads\/2022\/03\/7fb2710e-031a-4fac-a563-f241e1f0526a-300x200.jpg 300w, https:\/\/www.elgrillitosuena.com\/inicio\/wp-content\/uploads\/2022\/03\/7fb2710e-031a-4fac-a563-f241e1f0526a-1024x682.jpg 1024w, https:\/\/www.elgrillitosuena.com\/inicio\/wp-content\/uploads\/2022\/03\/7fb2710e-031a-4fac-a563-f241e1f0526a-768x512.jpg 768w, https:\/\/www.elgrillitosuena.com\/inicio\/wp-content\/uploads\/2022\/03\/7fb2710e-031a-4fac-a563-f241e1f0526a-1536x1023.jpg 1536w, https:\/\/www.elgrillitosuena.com\/inicio\/wp-content\/uploads\/2022\/03\/7fb2710e-031a-4fac-a563-f241e1f0526a.jpg 1600w\" sizes=\"(max-width: 653px) 100vw, 653px\" \/><\/p>\n<p>Al referirse a la asamblea como un ejercicio democr\u00e1tico que se hizo de manera pac\u00edfica y ordenada, el mandatario estatal coment\u00f3 que con dicho proceso se dio cumplimiento a la nueva Ley Org\u00e1nica Municipal en la que se establece el derecho a la autodeterminaci\u00f3n de las comunidades y tenencias ind\u00edgenas.<\/p>\n<p>Ram\u00edrez Bedolla tambi\u00e9n destac\u00f3 el avance que representa esta nueva ley al legitimar la organizaci\u00f3n y los derechos de los pueblos ind\u00edgenas para decidir formas de gobierno basadas en usos y costumbres, y as\u00ed, evitar conflictos con los ayuntamientos por la administraci\u00f3n de recursos p\u00fablicos, por lo que tambi\u00e9n manifest\u00f3 su apoyo al presidente municipal de Chilchota para acompa\u00f1ar el proceso de autogobierno de Carapan.<\/p>\n<p><img decoding=\"async\" loading=\"lazy\" class=\"alignnone wp-image-16307 \" src=\"https:\/\/www.elgrillitosuena.com\/inicio\/wp-content\/uploads\/2022\/03\/Carapan-Michoac\u00e1n-e1647289983233-300x185.jpg\" alt=\"\" width=\"709\" height=\"437\" srcset=\"https:\/\/www.elgrillitosuena.com\/inicio\/wp-content\/uploads\/2022\/03\/Carapan-Michoac\u00e1n-e1647289983233-300x185.jpg 300w, https:\/\/www.elgrillitosuena.com\/inicio\/wp-content\/uploads\/2022\/03\/Carapan-Michoac\u00e1n-e1647289983233-768x472.jpg 768w, https:\/\/www.elgrillitosuena.com\/inicio\/wp-content\/uploads\/2022\/03\/Carapan-Michoac\u00e1n-e1647289983233.jpg 1000w\" sizes=\"(max-width: 709px) 100vw, 709px\" \/><\/p>\n","protected":false},"excerpt":{"rendered":"<p>El gobernador Alfredo Ram\u00edrez Bedolla felicit\u00f3 a las y los habitantes de la comunidad ind\u00edgena de Carapan, en el municipio de Chilchota, por haber logrado el consenso necesario para tener autogobierno, y ofreci\u00f3 a la poblaci\u00f3n el respaldo del Gobierno de Michoac\u00e1n para ejercer el presupuesto directo. El titular del Ejecutivo en Michoac\u00e1n tambi\u00e9n reconoci\u00f3 &hellip;<\/p>\n","protected":false},"author":3,"featured_media":16305,"comment_status":"open","ping_status":"closed","sticky":false,"template":"","format":"standard","meta":[],"categories":[38],"tags":[1644,4414,4413,56],"_links":{"self":[{"href":"https:\/\/www.elgrillitosuena.com\/inicio\/wp-json\/wp\/v2\/posts\/16304"}],"collection":[{"href":"https:\/\/www.elgrillitosuena.com\/inicio\/wp-json\/wp\/v2\/posts"}],"about":[{"href":"https:\/\/www.elgrillitosuena.com\/inicio\/wp-json\/wp\/v2\/types\/post"}],"author":[{"embeddable":true,"href":"https:\/\/www.elgrillitosuena.com\/inicio\/wp-json\/wp\/v2\/users\/3"}],"replies":[{"embeddable":true,"href":"https:\/\/www.elgrillitosuena.com\/inicio\/wp-json\/wp\/v2\/comments?post=16304"}],"version-history":[{"count":1,"href":"https:\/\/www.elgrillitosuena.com\/inicio\/wp-json\/wp\/v2\/posts\/16304\/revisions"}],"predecessor-version":[{"id":16308,"href":"https:\/\/www.elgrillitosuena.com\/inicio\/wp-json\/wp\/v2\/posts\/16304\/revisions\/16308"}],"wp:featuredmedia":[{"embeddable":true,"href":"https:\/\/www.elgrillitosuena.com\/inicio\/wp-json\/wp\/v2\/media\/16305"}],"wp:attachment":[{"href":"https:\/\/www.elgrillitosuena.com\/inicio\/wp-json\/wp\/v2\/media?parent=16304"}],"wp:term":[{"taxonomy":"category","embeddable":true,"href":"https:\/\/www.elgrillitosuena.com\/inicio\/wp-json\/wp\/v2\/categories?post=16304"},{"taxonomy":"post_tag","embeddable":true,"href":"https:\/\/www.elgrillitosuena.com\/inicio\/wp-json\/wp\/v2\/tags?post=16304"}],"curies":[{"name":"wp","href":"https:\/\/api.w.org\/{rel}","templated":true}]}}