{"id":16261,"date":"2022-03-14T15:35:12","date_gmt":"2022-03-14T15:35:12","guid":{"rendered":"https:\/\/www.elgrillitosuena.com\/inicio\/?p=16261"},"modified":"2022-03-14T15:35:12","modified_gmt":"2022-03-14T15:35:12","slug":"ebrard-de-acuerdo-con-postura-ante-parlamente-europeo-lopez-obrador","status":"publish","type":"post","link":"https:\/\/www.elgrillitosuena.com\/inicio\/noticias\/mexico\/ebrard-de-acuerdo-con-postura-ante-parlamente-europeo-lopez-obrador\/","title":{"rendered":"Ebrard, de acuerdo con postura ante Parlamente Europeo: L\u00f3pez Obrador"},"content":{"rendered":"<p><img decoding=\"async\" src=\"https:\/\/cdn2.excelsior.com.mx\/media\/styles\/image800x600\/public\/pictures\/2022\/03\/14\/2727992.jpg\" \/><\/p>\n<p>Luego de la\u00a0pol\u00e9mica carta al Parlamento Europeo, el cual pidi\u00f3 garantizar la seguridad y protecci\u00f3n de periodistas y defensores de Derechos Humanos, el presidente Andr\u00e9s Manuel L\u00f3pez Obrador afirm\u00f3 el mismo canciller Marcelo Ebrard est\u00e1 de acuerdo con la postura<\/p>\n<p>Al ser cuestionado en su conferencia en Palacio Nacional, el mandatario indic\u00f3 que en una reuni\u00f3n que sostuvo con el secretario de Relaciones Exteriores (SRE), ambos abordaron el contenido de la carta en la que se aclar\u00f3 a los diputados europeos que \u201cM\u00e9xico ha dejado de ser tierra de conquista\u201d y donde no hay represi\u00f3n, pero s\u00ed libre expresi\u00f3n.<\/p>\n<blockquote><p>\u00c9l (Ebrard Casaubon) est\u00e1 totalmente de acuerdo con la postura que asumimos. Sabe bien que no es un asunto de preocupaci\u00f3n por los derechos humanos, ni diplom\u00e1tico, sino\u00a0un asunto, por entero, pol\u00edtico\u201d, coment\u00f3.<\/p><\/blockquote>\n<p>L\u00f3pez Obrador respondi\u00f3 a las cr\u00edticas sobre la misiva \u2014en la que adem\u00e1s critic\u00f3 que \u201cse sumen como borregos a la estrategia reaccionaria y golpista del grupo corrupto que se opone a la Cuarta Transformaci\u00f3n\u201d\u2014 que se trata de un tema \u201cpolitiquero\u201d y no diplom\u00e1tico.<\/p>\n<p>Por lo anterior, sostuvo que por eso fue la Presidencia la que respondi\u00f3 al Parlamento Europeo y no la SRE.<\/p>\n<p>\u201cEntonces para los que dec\u00edan del por qu\u00e9 no contestaba la SRE y s\u00ed la Presidencia: porque es un asunto pol\u00edtico. Aun siendo un asunto diplom\u00e1tico es responsabilidad del presidente atender la pol\u00edtica exterior.\u00a0Es un asunto pol\u00edtico y si somos estrictos: politiquero.<\/p>\n<p>\u201cEs de risa si no fuese porque se trata de una instituci\u00f3n de otro pa\u00eds u otro continente, pero la verdad es muy irresponsables y muy entrometidos. Tienen mentalidad colonialista\u201d, dijo.<\/p>\n<p>Adem\u00e1s, L\u00f3pez Obrador coment\u00f3 que la petici\u00f3n del Parlamento Europeo tiene semejanzas con la agenda de sus adversarios.<\/p>\n<p>Con informaci\u00f3n de Exc\u00e9lsior<\/p>\n<div id=\"standard_6\" class=\"st-placement standard_6 inVideo\">\n<div class=\"st-adunit st-show st-reset\"><\/div>\n<\/div>\n<div id=\"standard_7\" class=\"st-placement standard_7 inPlayer\">\n<div class=\"st-adunit st-reset st-show\"><\/div>\n<\/div>\n<div class=\"teads-inread\">\n<div>\n<div class=\"teads-ui-components-adchoices\"><\/div>\n<\/div>\n<\/div>\n","protected":false},"excerpt":{"rendered":"<p>Luego de la\u00a0pol\u00e9mica carta al Parlamento Europeo, el cual pidi\u00f3 garantizar la seguridad y protecci\u00f3n de periodistas y defensores de Derechos Humanos, el presidente Andr\u00e9s Manuel L\u00f3pez Obrador afirm\u00f3 el mismo canciller Marcelo Ebrard est\u00e1 de acuerdo con la postura Al ser cuestionado en su conferencia en Palacio Nacional, el mandatario indic\u00f3 que en una &hellip;<\/p>\n","protected":false},"author":6,"featured_media":16262,"comment_status":"open","ping_status":"closed","sticky":false,"template":"","format":"standard","meta":[],"categories":[39],"tags":[245,4392],"_links":{"self":[{"href":"https:\/\/www.elgrillitosuena.com\/inicio\/wp-json\/wp\/v2\/posts\/16261"}],"collection":[{"href":"https:\/\/www.elgrillitosuena.com\/inicio\/wp-json\/wp\/v2\/posts"}],"about":[{"href":"https:\/\/www.elgrillitosuena.com\/inicio\/wp-json\/wp\/v2\/types\/post"}],"author":[{"embeddable":true,"href":"https:\/\/www.elgrillitosuena.com\/inicio\/wp-json\/wp\/v2\/users\/6"}],"replies":[{"embeddable":true,"href":"https:\/\/www.elgrillitosuena.com\/inicio\/wp-json\/wp\/v2\/comments?post=16261"}],"version-history":[{"count":1,"href":"https:\/\/www.elgrillitosuena.com\/inicio\/wp-json\/wp\/v2\/posts\/16261\/revisions"}],"predecessor-version":[{"id":16263,"href":"https:\/\/www.elgrillitosuena.com\/inicio\/wp-json\/wp\/v2\/posts\/16261\/revisions\/16263"}],"wp:featuredmedia":[{"embeddable":true,"href":"https:\/\/www.elgrillitosuena.com\/inicio\/wp-json\/wp\/v2\/media\/16262"}],"wp:attachment":[{"href":"https:\/\/www.elgrillitosuena.com\/inicio\/wp-json\/wp\/v2\/media?parent=16261"}],"wp:term":[{"taxonomy":"category","embeddable":true,"href":"https:\/\/www.elgrillitosuena.com\/inicio\/wp-json\/wp\/v2\/categories?post=16261"},{"taxonomy":"post_tag","embeddable":true,"href":"https:\/\/www.elgrillitosuena.com\/inicio\/wp-json\/wp\/v2\/tags?post=16261"}],"curies":[{"name":"wp","href":"https:\/\/api.w.org\/{rel}","templated":true}]}}