{"id":16237,"date":"2022-03-11T18:12:30","date_gmt":"2022-03-11T18:12:30","guid":{"rendered":"https:\/\/www.elgrillitosuena.com\/inicio\/?p=16237"},"modified":"2022-03-11T18:12:30","modified_gmt":"2022-03-11T18:12:30","slug":"refuerzan-seguridad-jalisco-implementa-operativo-en-frontera-con-michoacan-tras-incremento-de-violencia","status":"publish","type":"post","link":"https:\/\/www.elgrillitosuena.com\/inicio\/noticias\/michoacan\/refuerzan-seguridad-jalisco-implementa-operativo-en-frontera-con-michoacan-tras-incremento-de-violencia\/","title":{"rendered":"\u00a1Refuerzan seguridad! Jalisco implementa operativo en frontera con Michoac\u00e1n tras incremento de violencia"},"content":{"rendered":"<p><img decoding=\"async\" src=\"https:\/\/heraldodemexico.com.mx\/u\/fotografias\/m\/2022\/3\/11\/f960x540-487985_562060_0.jpg\" alt=\"El mandatario estatal asegur\u00f3 que la atenci\u00f3n fue inmediata desde ayer que se presentaron estos hechos\" \/><\/p>\n<p>Tres actos de violencia ocurrieron en las \u00faltimas horas en municipios que colindan con\u00a0Michoac\u00e1n\u00a0y es por eso que se implementar\u00e1 un operativo para reforzar la seguridad en esta zona inform\u00f3 el\u00a0Gobernador de Jalisco, Enrique Alfaro Ram\u00edrez.<\/p>\n<p>En un video que se comparti\u00f3 en sus redes sociales, el mandatario aclar\u00f3 que ninguna autoridad municipal tiene la facultad de suspender actividades ni escolares ni de ning\u00fan tipo, y dijo que hasta ahora, los actos de violencia no han atentado en contra de la poblaci\u00f3n civil, lo cual obliga a no caer en p\u00e1nico ni generar incertidumbre en los jaliscienses, esto en plena alusi\u00f3n al anuncio que hizo el presidente municipal de\u00a0Tamazula, Eduardo Guti\u00e9rrez.<\/p>\n<blockquote><p>&#8220;Primero el asesinato cobarde de dos polic\u00edas de Jocotepec que estaban atendiendo un choque y un veh\u00edculo al paso, abri\u00f3 fuego contra ellos y sali\u00f3 de camino, justamente a Michoac\u00e1n; despu\u00e9s, el incendio de dos tractocamiones en la carretera que va a Jiquilpan, Michoac\u00e1n, en el municipio de Tamazula en la comunidad La Garita y luego, un coche tambi\u00e9n con armas incendiado en el municipio de La Manzanilla&#8221;, enumer\u00f3 Alfaro.<\/p><\/blockquote>\n<p>A\u00f1adi\u00f3 que la atenci\u00f3n fue inmediata desde ayer que se presentaron estos hechos por parte de la Fiscal\u00eda del Estado y de la Secretar\u00eda de\u00a0Seguridad P\u00fablica del Estado.<\/p>\n<blockquote><p>&#8220;Hoy tuvimos esta reuni\u00f3n para evaluar la manera c\u00f3mo se va a reforzar la presencia de la Polic\u00eda del Estado con operativos especiales en estos municipios&#8221;.<\/p><\/blockquote>\n<p>Insisti\u00f3 que no hay riesgos para que se suspendan actividades y llam\u00f3 a no caer en p\u00e1nico ni en miedo, &#8220;es un momento complejo para el pa\u00eds y particularmente para los municipios que colindamos con Estados en donde hay problemas delicados, complejos en materia de violencia, particularmente en el\u00a0Estado de Michoac\u00e1n, Zacatecas, Colima, en esos municipios tenemos operativos especiales que han funcionado bien y no podemos caer en el miedo y la zozobra&#8221;.<\/p>\n<p>Finalmente, dijo que la comunicaci\u00f3n con la\u00a0Mesa de Seguridad Federal\u00a0y los gobiernos de las entidades vecinas es total y que se informar\u00e1 por los canales oficiales lo que sea necesario a la poblaci\u00f3n.<\/p>\n<p>Con informaci\u00f3n de Heraldo de M\u00e9xico<\/p>\n","protected":false},"excerpt":{"rendered":"<p>Tres actos de violencia ocurrieron en las \u00faltimas horas en municipios que colindan con\u00a0Michoac\u00e1n\u00a0y es por eso que se implementar\u00e1 un operativo para reforzar la seguridad en esta zona inform\u00f3 el\u00a0Gobernador de Jalisco, Enrique Alfaro Ram\u00edrez. En un video que se comparti\u00f3 en sus redes sociales, el mandatario aclar\u00f3 que ninguna autoridad municipal tiene la &hellip;<\/p>\n","protected":false},"author":6,"featured_media":16238,"comment_status":"open","ping_status":"closed","sticky":false,"template":"","format":"standard","meta":[],"categories":[39,38],"tags":[656,56,1020],"_links":{"self":[{"href":"https:\/\/www.elgrillitosuena.com\/inicio\/wp-json\/wp\/v2\/posts\/16237"}],"collection":[{"href":"https:\/\/www.elgrillitosuena.com\/inicio\/wp-json\/wp\/v2\/posts"}],"about":[{"href":"https:\/\/www.elgrillitosuena.com\/inicio\/wp-json\/wp\/v2\/types\/post"}],"author":[{"embeddable":true,"href":"https:\/\/www.elgrillitosuena.com\/inicio\/wp-json\/wp\/v2\/users\/6"}],"replies":[{"embeddable":true,"href":"https:\/\/www.elgrillitosuena.com\/inicio\/wp-json\/wp\/v2\/comments?post=16237"}],"version-history":[{"count":1,"href":"https:\/\/www.elgrillitosuena.com\/inicio\/wp-json\/wp\/v2\/posts\/16237\/revisions"}],"predecessor-version":[{"id":16239,"href":"https:\/\/www.elgrillitosuena.com\/inicio\/wp-json\/wp\/v2\/posts\/16237\/revisions\/16239"}],"wp:featuredmedia":[{"embeddable":true,"href":"https:\/\/www.elgrillitosuena.com\/inicio\/wp-json\/wp\/v2\/media\/16238"}],"wp:attachment":[{"href":"https:\/\/www.elgrillitosuena.com\/inicio\/wp-json\/wp\/v2\/media?parent=16237"}],"wp:term":[{"taxonomy":"category","embeddable":true,"href":"https:\/\/www.elgrillitosuena.com\/inicio\/wp-json\/wp\/v2\/categories?post=16237"},{"taxonomy":"post_tag","embeddable":true,"href":"https:\/\/www.elgrillitosuena.com\/inicio\/wp-json\/wp\/v2\/tags?post=16237"}],"curies":[{"name":"wp","href":"https:\/\/api.w.org\/{rel}","templated":true}]}}