{"id":16232,"date":"2022-03-11T17:17:18","date_gmt":"2022-03-11T17:17:18","guid":{"rendered":"https:\/\/www.elgrillitosuena.com\/inicio\/?p=16232"},"modified":"2022-03-11T17:17:18","modified_gmt":"2022-03-11T17:17:18","slug":"brigada-delfines-controla-incendio-forestal-en-el-cerro-de-jicalan","status":"publish","type":"post","link":"https:\/\/www.elgrillitosuena.com\/inicio\/uncategorized\/brigada-delfines-controla-incendio-forestal-en-el-cerro-de-jicalan\/","title":{"rendered":"Brigada Delfines controla incendio forestal en el Cerro de Jical\u00e1n"},"content":{"rendered":"<p><img decoding=\"async\" loading=\"lazy\" class=\"alignnone  wp-image-16234\" src=\"https:\/\/www.elgrillitosuena.com\/inicio\/wp-content\/uploads\/2022\/03\/WhatsApp-Image-2022-03-11-at-11.11.13-AM-225x300.jpeg\" alt=\"\" width=\"470\" height=\"627\" srcset=\"https:\/\/www.elgrillitosuena.com\/inicio\/wp-content\/uploads\/2022\/03\/WhatsApp-Image-2022-03-11-at-11.11.13-AM-225x300.jpeg 225w, https:\/\/www.elgrillitosuena.com\/inicio\/wp-content\/uploads\/2022\/03\/WhatsApp-Image-2022-03-11-at-11.11.13-AM-768x1024.jpeg 768w, https:\/\/www.elgrillitosuena.com\/inicio\/wp-content\/uploads\/2022\/03\/WhatsApp-Image-2022-03-11-at-11.11.13-AM-1152x1536.jpeg 1152w, https:\/\/www.elgrillitosuena.com\/inicio\/wp-content\/uploads\/2022\/03\/WhatsApp-Image-2022-03-11-at-11.11.13-AM.jpeg 1200w\" sizes=\"(max-width: 470px) 100vw, 470px\" \/><\/p>\n<p>Durante las primeras horas de este d\u00eda, la Brigada Municipal Delfines, en coordinaci\u00f3n con Protecci\u00f3n Civil Municipal y vecinos voluntarios de la zona, de manera oportuna controlaron el conato de incendio forestal registrado en las faldas del cerro de Jical\u00e1n.<\/p>\n<p>Cerca de las 6:30 de la ma\u00f1ana se report\u00f3 una intensa fumarola a la altura del Fraccionamiento Los Vi\u00f1edos, por lo que de inmediato la brigada contra incendios se traslad\u00f3 hasta el sitio para evitar que el problema se saliera de control.<\/p>\n<p>Inspectores ambientales determinaron que la buena organizaci\u00f3n y la pronta respuesta permitieron que el da\u00f1o forestal fuera m\u00ednimo, afectando una superficie de 0.38 hect\u00e1reas, de las cuales el 90 por ciento pertenec\u00eda a estrato de hojarasca y herb\u00e1cea.<\/p>\n","protected":false},"excerpt":{"rendered":"<p>Durante las primeras horas de este d\u00eda, la Brigada Municipal Delfines, en coordinaci\u00f3n con Protecci\u00f3n Civil Municipal y vecinos voluntarios de la zona, de manera oportuna controlaron el conato de incendio forestal registrado en las faldas del cerro de Jical\u00e1n. Cerca de las 6:30 de la ma\u00f1ana se report\u00f3 una intensa fumarola a la altura &hellip;<\/p>\n","protected":false},"author":6,"featured_media":16234,"comment_status":"open","ping_status":"closed","sticky":false,"template":"","format":"standard","meta":[],"categories":[1,37],"tags":[4400,1584],"_links":{"self":[{"href":"https:\/\/www.elgrillitosuena.com\/inicio\/wp-json\/wp\/v2\/posts\/16232"}],"collection":[{"href":"https:\/\/www.elgrillitosuena.com\/inicio\/wp-json\/wp\/v2\/posts"}],"about":[{"href":"https:\/\/www.elgrillitosuena.com\/inicio\/wp-json\/wp\/v2\/types\/post"}],"author":[{"embeddable":true,"href":"https:\/\/www.elgrillitosuena.com\/inicio\/wp-json\/wp\/v2\/users\/6"}],"replies":[{"embeddable":true,"href":"https:\/\/www.elgrillitosuena.com\/inicio\/wp-json\/wp\/v2\/comments?post=16232"}],"version-history":[{"count":2,"href":"https:\/\/www.elgrillitosuena.com\/inicio\/wp-json\/wp\/v2\/posts\/16232\/revisions"}],"predecessor-version":[{"id":16235,"href":"https:\/\/www.elgrillitosuena.com\/inicio\/wp-json\/wp\/v2\/posts\/16232\/revisions\/16235"}],"wp:featuredmedia":[{"embeddable":true,"href":"https:\/\/www.elgrillitosuena.com\/inicio\/wp-json\/wp\/v2\/media\/16234"}],"wp:attachment":[{"href":"https:\/\/www.elgrillitosuena.com\/inicio\/wp-json\/wp\/v2\/media?parent=16232"}],"wp:term":[{"taxonomy":"category","embeddable":true,"href":"https:\/\/www.elgrillitosuena.com\/inicio\/wp-json\/wp\/v2\/categories?post=16232"},{"taxonomy":"post_tag","embeddable":true,"href":"https:\/\/www.elgrillitosuena.com\/inicio\/wp-json\/wp\/v2\/tags?post=16232"}],"curies":[{"name":"wp","href":"https:\/\/api.w.org\/{rel}","templated":true}]}}