{"id":16229,"date":"2022-03-11T16:55:51","date_gmt":"2022-03-11T16:55:51","guid":{"rendered":"https:\/\/www.elgrillitosuena.com\/inicio\/?p=16229"},"modified":"2022-03-11T16:55:51","modified_gmt":"2022-03-11T16:55:51","slug":"despega-avion-de-la-fam-rumbo-a-rumania-por-mexicanos-que-huyeron-de-ucrania","status":"publish","type":"post","link":"https:\/\/www.elgrillitosuena.com\/inicio\/noticias\/mundo\/despega-avion-de-la-fam-rumbo-a-rumania-por-mexicanos-que-huyeron-de-ucrania\/","title":{"rendered":"Despega avi\u00f3n de la FAM rumbo a Rumania por mexicanos que huyeron de Ucrania"},"content":{"rendered":"<p><img decoding=\"async\" src=\"https:\/\/cdn2.excelsior.com.mx\/media\/styles\/image800x600\/public\/pictures\/2022\/03\/11\/2726939.jpg\" \/><\/p>\n<p>El avi\u00f3n\u00a0Boeing 737-800\u00a0de la Fuerza A\u00e9rea Mexicana (FAM) parti\u00f3\u00a0a Rumania con\u00a01.5 toneladas de ayuda humanitaria para los refugios\u00a0instalados en la frontera con Ucrania, a donde est\u00e1n llegando todos los desplazados, inform\u00f3 Daniel Mill\u00e1n, jefe de la oficina del secretario de Relaciones Exteriores.<\/p>\n<blockquote><p>\u201cEn este avi\u00f3n de la FAM van 1.5 toneladas de ayuda humanitaria, principalmente cobertores, mantas el\u00e9ctricas y colchonetas; por qu\u00e9, porque es material que se va a utilizar en campamentos que est\u00e1n de lado rumano, adyacentes a la frontera con Ucrania.<\/p>\n<p>\u201cSon para gente que viene huyendo, que necesita pasar una o varias noches en una zona donde hace mucho fr\u00edo, y la ayuda que nos pidieron del gobierno rumano fue esa\u201d, explic\u00f3 Mill\u00e1n.<\/p><\/blockquote>\n<p>A las 10:00 de este viernes estaba\u00a0programada la salida del Boeing 737-800 de la FAM, desde la Base A\u00e9rea Militar n\u00famero 19, en el Aeropuerto Internacional de la Ciudad de M\u00e9xico (AICM), con destino a Bucarest, capital de Rumania.<\/p>\n<p>La ayuda humanitaria, indic\u00f3, se logr\u00f3 a trav\u00e9s de la\u00a0Agencia Mexicana para la Cooperaci\u00f3n Internacional para el Desarrollo\u00a0(Amexcid).<\/p>\n<p>Mill\u00e1n agreg\u00f3 que otro de los objetivos de este operativo de ayuda humanitaria, ordenado por el presidente\u00a0Andr\u00e9s Manuel L\u00f3pez Obrador, humanitaria ser\u00e1 el regresar con ciudadanos mexicanos que lograron salir de Ucrania\u00a0tras los bombardeos por parte de Rusia.<\/p>\n<blockquote><p>\u201cEl objetivo de esta misi\u00f3n es traer de vuelta a decenas de mexicanos que a\u00fan permanecen cerca de la zona de conflicto, que en los \u00faltimos d\u00edas o semanas lograron salir de Ucrania y se encuentran en pa\u00edses europeos, sobre todo Polonia, Hungr\u00eda y Rumania, se est\u00e1n todos congregando en Bucarest\u201d, indic\u00f3 el jefe de la oficina del canciller.<\/p><\/blockquote>\n<p>Agreg\u00f3 que por el momento\u00a0se desconoce la cantidad de connacionales que regresar\u00e1n a M\u00e9xico\u00a0debido a que sigue el trabajo de reunirlos a todos en Bucarest\u00a0desde los lugares por donde lograron\u00a0cruzar la frontera de Ucrania.<\/p>\n<p>Con informaci\u00f3n de Exc\u00e9lsior<\/p>\n","protected":false},"excerpt":{"rendered":"<p>El avi\u00f3n\u00a0Boeing 737-800\u00a0de la Fuerza A\u00e9rea Mexicana (FAM) parti\u00f3\u00a0a Rumania con\u00a01.5 toneladas de ayuda humanitaria para los refugios\u00a0instalados en la frontera con Ucrania, a donde est\u00e1n llegando todos los desplazados, inform\u00f3 Daniel Mill\u00e1n, jefe de la oficina del secretario de Relaciones Exteriores. \u201cEn este avi\u00f3n de la FAM van 1.5 toneladas de ayuda humanitaria, principalmente &hellip;<\/p>\n","protected":false},"author":6,"featured_media":16230,"comment_status":"open","ping_status":"closed","sticky":false,"template":"","format":"standard","meta":[],"categories":[40],"tags":[4398,1345,4399,4362,3714],"_links":{"self":[{"href":"https:\/\/www.elgrillitosuena.com\/inicio\/wp-json\/wp\/v2\/posts\/16229"}],"collection":[{"href":"https:\/\/www.elgrillitosuena.com\/inicio\/wp-json\/wp\/v2\/posts"}],"about":[{"href":"https:\/\/www.elgrillitosuena.com\/inicio\/wp-json\/wp\/v2\/types\/post"}],"author":[{"embeddable":true,"href":"https:\/\/www.elgrillitosuena.com\/inicio\/wp-json\/wp\/v2\/users\/6"}],"replies":[{"embeddable":true,"href":"https:\/\/www.elgrillitosuena.com\/inicio\/wp-json\/wp\/v2\/comments?post=16229"}],"version-history":[{"count":1,"href":"https:\/\/www.elgrillitosuena.com\/inicio\/wp-json\/wp\/v2\/posts\/16229\/revisions"}],"predecessor-version":[{"id":16231,"href":"https:\/\/www.elgrillitosuena.com\/inicio\/wp-json\/wp\/v2\/posts\/16229\/revisions\/16231"}],"wp:featuredmedia":[{"embeddable":true,"href":"https:\/\/www.elgrillitosuena.com\/inicio\/wp-json\/wp\/v2\/media\/16230"}],"wp:attachment":[{"href":"https:\/\/www.elgrillitosuena.com\/inicio\/wp-json\/wp\/v2\/media?parent=16229"}],"wp:term":[{"taxonomy":"category","embeddable":true,"href":"https:\/\/www.elgrillitosuena.com\/inicio\/wp-json\/wp\/v2\/categories?post=16229"},{"taxonomy":"post_tag","embeddable":true,"href":"https:\/\/www.elgrillitosuena.com\/inicio\/wp-json\/wp\/v2\/tags?post=16229"}],"curies":[{"name":"wp","href":"https:\/\/api.w.org\/{rel}","templated":true}]}}