{"id":16154,"date":"2022-03-10T15:58:50","date_gmt":"2022-03-10T15:58:50","guid":{"rendered":"https:\/\/www.elgrillitosuena.com\/inicio\/?p=16154"},"modified":"2022-03-10T15:58:50","modified_gmt":"2022-03-10T15:58:50","slug":"tras-violencia-en-gallos-atlas-lopez-obrador-prepara-informe-sobre-el-caso","status":"publish","type":"post","link":"https:\/\/www.elgrillitosuena.com\/inicio\/noticias\/mexico\/tras-violencia-en-gallos-atlas-lopez-obrador-prepara-informe-sobre-el-caso\/","title":{"rendered":"Tras violencia en Gallos-Atlas, L\u00f3pez Obrador prepara informe sobre el caso"},"content":{"rendered":"<p><img decoding=\"async\" src=\"https:\/\/cdn2.excelsior.com.mx\/media\/styles\/image800x600\/public\/pictures\/2022\/03\/10\/2726355.jpg\" \/><\/p>\n<p>Luego de los\u00a0hechos violentos del pasado s\u00e1bado en el Estadio Corregidora\u00a0en el duelo entre Gallos y Atlas, el presidente Andr\u00e9s Manuel L\u00f3pez Obrador inform\u00f3 que la pr\u00f3xima semana presentar\u00e1 un informe y propuesta para atender la violencia en el futbol.<\/p>\n<p>En conferencia en Palacio Nacional, el mandatario indic\u00f3 que el pr\u00f3ximo jueves se dar\u00e1 un informe en torno a las agresiones que se registraron el pasado 5 de febrero de seudo aficionados del Club Quer\u00e9taro en contra de seguidores de Atlas.<\/p>\n<blockquote><p>Ya tenemos un informe que hoy se iba a presentar. Ricardo Mej\u00eda present\u00f3 ya un informe en la ma\u00f1ana, pero como ten\u00edamos esto important\u00edsimo del Bosque, quedamos de presentar la propuesta integral, que debo decir, vamos a enriquecerla con lo que planteas, para el d\u00eda jueves. Para el d\u00eda 17 presentaremos una propuesta con todos los elementos\u201d, coment\u00f3.<\/p><\/blockquote>\n<p>L\u00f3pez Obrador destac\u00f3 que al momento\u00a0no se ha reportado el fallecimiento de alguna de las personas que fueron agredidas\u00a0en La Corregidora, lo cual, afirm\u00f3, \u201ces lo que m\u00e1s nos consuela\u201d.<\/p>\n<p>Detall\u00f3 que de todos los heridos, ya s\u00f3lo se encuentra hospitalizado y aunque est\u00e1 grave, responde bien a los tratamientos y \u201chay optimismo de que se le va a salvar la vida\u201d.<\/p>\n<p>El titular del Ejecutivo federal destac\u00f3 que la Fiscal\u00eda General del Estado de Quer\u00e9taro ha girado en total 28 \u00f3rdenes de aprehensi\u00f3n contra presuntos participantes de las agresiones contra seguidores de Atlas.<\/p>\n<p>\u201cYa empezaron las \u00f3rdenes de aprehensi\u00f3n, todo el proceso de tipo legal, pero se necesita un planteamiento integral\u201d, mencion\u00f3 L\u00f3pez Obrador.<\/p>\n<p>Cabe mencionar que el pasado lunes, el subsecretario de Seguridad y Protecci\u00f3n Ciudadana, Ricardo Mej\u00eda, inform\u00f3 que Gobierno de la Rep\u00fablica revisar\u00e1 &#8220;a detalle&#8221;\u00a0los protocolos de seguridad para ingresar a los estadios de futbol\u00a0y evitar que tragedias como las sucedidas en el encuentro Quer\u00e9taro-Atlas el s\u00e1bado pasado vuelvan a ocurrir.<\/p>\n<p><strong>VINCULAN A 6 A PROCESO\u2026 Y 2 SON LIBERADOS<\/strong><\/p>\n<p>Ayer la Fiscal\u00eda de Quer\u00e9taro indic\u00f3 que 6 de los 14 hombres aprehendidos hasta el momento fueron vinculados a proceso y en prisi\u00f3n preventiva justificada.<\/p>\n<p>Detall\u00f3 que, en el caso de\u00a0dos personas imputadas por el presunto delito de homicidio en grado de tentativa, sus abogados solicitaron la duplicidad de plazo constitucional \u201cpara determinar su situaci\u00f3n legal\u201d.<\/p>\n<blockquote class=\"twitter-tweet\" data-width=\"550\" data-dnt=\"true\">\n<p lang=\"es\" dir=\"ltr\">Se solicita a la ciudadan\u00eda su colaboraci\u00f3n, para que de contar con informaci\u00f3n que abone a la detenci\u00f3n de estos 14 sujetos, se comunique y proporcione la informaci\u00f3n de manera an\u00f3nima al n\u00famero 442 238 7622 o los que aparecen en la imagen. <\/p>\n<p>Ver m\u00e1s: <a href=\"https:\/\/t.co\/ZE7v7ygxAE\">https:\/\/t.co\/ZE7v7ygxAE<\/a> <a href=\"https:\/\/t.co\/wzANBkjlkA\">pic.twitter.com\/wzANBkjlkA<\/a><\/p>\n<p>&mdash; Fiscal\u00eda Quer\u00e9taro (@fiscaliaqro) <a href=\"https:\/\/twitter.com\/fiscaliaqro\/status\/1501381878523351042?ref_src=twsrc%5Etfw\">March 9, 2022<\/a><\/p><\/blockquote>\n<p><script async src=\"https:\/\/platform.twitter.com\/widgets.js\" charset=\"utf-8\"><\/script><\/p>\n<p>Adem\u00e1s, destac\u00f3 que si bien, pese a las \u201cfotograf\u00edas donde se visualiza su posible participaci\u00f3n en el evento delictivo\u201d, un juez determin\u00f3 no vincular a proceso a dos supuestos sospechosos debido a que las im\u00e1genes no daban certeza de que fueran del lugar y fecha de los acontecimientos.<\/p>\n<p>Por lo anterior, la Fiscal\u00eda apelar\u00e1 la posici\u00f3n de la autoridad judicial, \u201cal tener la certeza que los datos de prueba son contundentes y suficientes para demostrar la posible participaci\u00f3n de los agresores\u201d.<\/p>\n<p>Con informaci\u00f3n de Exc\u00e9lsior<\/p>\n<div id=\"standard_6\" class=\"st-placement standard_6 inVideo\">\n<div class=\"st-adunit st-show st-reset\"><\/div>\n<\/div>\n<div id=\"standard_7\" class=\"st-placement standard_7 inPlayer\">\n<div class=\"st-adunit st-reset st-show\"><\/div>\n<\/div>\n","protected":false},"excerpt":{"rendered":"<p>Luego de los\u00a0hechos violentos del pasado s\u00e1bado en el Estadio Corregidora\u00a0en el duelo entre Gallos y Atlas, el presidente Andr\u00e9s Manuel L\u00f3pez Obrador inform\u00f3 que la pr\u00f3xima semana presentar\u00e1 un informe y propuesta para atender la violencia en el futbol. En conferencia en Palacio Nacional, el mandatario indic\u00f3 que el pr\u00f3ximo jueves se dar\u00e1 un &hellip;<\/p>\n","protected":false},"author":6,"featured_media":16155,"comment_status":"open","ping_status":"closed","sticky":false,"template":"","format":"standard","meta":[],"categories":[39],"tags":[98,2440,2698,2772],"_links":{"self":[{"href":"https:\/\/www.elgrillitosuena.com\/inicio\/wp-json\/wp\/v2\/posts\/16154"}],"collection":[{"href":"https:\/\/www.elgrillitosuena.com\/inicio\/wp-json\/wp\/v2\/posts"}],"about":[{"href":"https:\/\/www.elgrillitosuena.com\/inicio\/wp-json\/wp\/v2\/types\/post"}],"author":[{"embeddable":true,"href":"https:\/\/www.elgrillitosuena.com\/inicio\/wp-json\/wp\/v2\/users\/6"}],"replies":[{"embeddable":true,"href":"https:\/\/www.elgrillitosuena.com\/inicio\/wp-json\/wp\/v2\/comments?post=16154"}],"version-history":[{"count":1,"href":"https:\/\/www.elgrillitosuena.com\/inicio\/wp-json\/wp\/v2\/posts\/16154\/revisions"}],"predecessor-version":[{"id":16156,"href":"https:\/\/www.elgrillitosuena.com\/inicio\/wp-json\/wp\/v2\/posts\/16154\/revisions\/16156"}],"wp:featuredmedia":[{"embeddable":true,"href":"https:\/\/www.elgrillitosuena.com\/inicio\/wp-json\/wp\/v2\/media\/16155"}],"wp:attachment":[{"href":"https:\/\/www.elgrillitosuena.com\/inicio\/wp-json\/wp\/v2\/media?parent=16154"}],"wp:term":[{"taxonomy":"category","embeddable":true,"href":"https:\/\/www.elgrillitosuena.com\/inicio\/wp-json\/wp\/v2\/categories?post=16154"},{"taxonomy":"post_tag","embeddable":true,"href":"https:\/\/www.elgrillitosuena.com\/inicio\/wp-json\/wp\/v2\/tags?post=16154"}],"curies":[{"name":"wp","href":"https:\/\/api.w.org\/{rel}","templated":true}]}}