{"id":16151,"date":"2022-03-10T15:50:09","date_gmt":"2022-03-10T15:50:09","guid":{"rendered":"https:\/\/www.elgrillitosuena.com\/inicio\/?p=16151"},"modified":"2022-03-10T15:50:09","modified_gmt":"2022-03-10T15:50:09","slug":"espana-respalda-reformas-en-mexico-si-no-son-retroactivas-canciller-jose-manuel-albares","status":"publish","type":"post","link":"https:\/\/www.elgrillitosuena.com\/inicio\/noticias\/mexico\/espana-respalda-reformas-en-mexico-si-no-son-retroactivas-canciller-jose-manuel-albares\/","title":{"rendered":"Espa\u00f1a respalda reformas en M\u00e9xico si no son retroactivas: canciller Jos\u00e9 Manuel Albares"},"content":{"rendered":"<p><img decoding=\"async\" src=\"https:\/\/imagenes.milenio.com\/DbhO6mGCPUdnMfcShHqvmJoENuU=\/618x348\/smart\/https:\/\/www.milenio.com\/uploads\/media\/2022\/03\/09\/jose-manuel-albares-preocupacion-asesinato_thumb_591_348.jpg\" \/><\/p>\n<p>Respecto a las empresas espa\u00f1olas, asegur\u00f3 que no han hecho m\u00e1s que trabajar por el bienestar y el crecimiento de M\u00e9xico, por lo que su reputaci\u00f3n no deber\u00eda quedar bajo sospecha debido a que han trabajado bajo el marco legal establecido en el pa\u00eds, el cual espera que, en caso de modificarse, no sea retroactivo ni contrario a los tratados comerciales vigentes, pues eso provocar\u00eda preocupaciones.<\/p>\n<p>\u00bfCon qu\u00e9 espera regresar a Espa\u00f1a despu\u00e9s de su visita a M\u00e9xico?<\/p>\n<p>Reforzar, relanzar a\u00fan m\u00e1s nuestra relaci\u00f3n. En estos momentos tan complicados en todo el planeta, donde estamos intentando erradicar la pandemia de covid-19, donde la agresi\u00f3n ilegal, injusta e injustificada de Rusia a Ucrania, nos hace entrar en una nueva era de consecuencias que no somos capaces de vislumbrar todav\u00eda, pero que van a afectar la estructura pol\u00edtica y econ\u00f3mica.<\/p>\n<p>Dos pa\u00edses que tienen tanto en com\u00fan, como Espa\u00f1a y M\u00e9xico, que estamos en la base de la comunidad iberoamericana, que compartimos un idioma en com\u00fan, que compartimos una misma visi\u00f3n del mundo, de multilateralismo, de deseo de paz, de justicia social, de democracia, tenemos que concertarnos.<\/p>\n<p>Con informaci\u00f3n de Milenio Noticias<\/p>\n","protected":false},"excerpt":{"rendered":"<p>Respecto a las empresas espa\u00f1olas, asegur\u00f3 que no han hecho m\u00e1s que trabajar por el bienestar y el crecimiento de M\u00e9xico, por lo que su reputaci\u00f3n no deber\u00eda quedar bajo sospecha debido a que han trabajado bajo el marco legal establecido en el pa\u00eds, el cual espera que, en caso de modificarse, no sea retroactivo &hellip;<\/p>\n","protected":false},"author":6,"featured_media":16152,"comment_status":"open","ping_status":"closed","sticky":false,"template":"","format":"standard","meta":[],"categories":[39],"tags":[86,156,4374],"_links":{"self":[{"href":"https:\/\/www.elgrillitosuena.com\/inicio\/wp-json\/wp\/v2\/posts\/16151"}],"collection":[{"href":"https:\/\/www.elgrillitosuena.com\/inicio\/wp-json\/wp\/v2\/posts"}],"about":[{"href":"https:\/\/www.elgrillitosuena.com\/inicio\/wp-json\/wp\/v2\/types\/post"}],"author":[{"embeddable":true,"href":"https:\/\/www.elgrillitosuena.com\/inicio\/wp-json\/wp\/v2\/users\/6"}],"replies":[{"embeddable":true,"href":"https:\/\/www.elgrillitosuena.com\/inicio\/wp-json\/wp\/v2\/comments?post=16151"}],"version-history":[{"count":1,"href":"https:\/\/www.elgrillitosuena.com\/inicio\/wp-json\/wp\/v2\/posts\/16151\/revisions"}],"predecessor-version":[{"id":16153,"href":"https:\/\/www.elgrillitosuena.com\/inicio\/wp-json\/wp\/v2\/posts\/16151\/revisions\/16153"}],"wp:featuredmedia":[{"embeddable":true,"href":"https:\/\/www.elgrillitosuena.com\/inicio\/wp-json\/wp\/v2\/media\/16152"}],"wp:attachment":[{"href":"https:\/\/www.elgrillitosuena.com\/inicio\/wp-json\/wp\/v2\/media?parent=16151"}],"wp:term":[{"taxonomy":"category","embeddable":true,"href":"https:\/\/www.elgrillitosuena.com\/inicio\/wp-json\/wp\/v2\/categories?post=16151"},{"taxonomy":"post_tag","embeddable":true,"href":"https:\/\/www.elgrillitosuena.com\/inicio\/wp-json\/wp\/v2\/tags?post=16151"}],"curies":[{"name":"wp","href":"https:\/\/api.w.org\/{rel}","templated":true}]}}