{"id":15962,"date":"2022-03-04T15:43:08","date_gmt":"2022-03-04T15:43:08","guid":{"rendered":"https:\/\/www.elgrillitosuena.com\/inicio\/?p=15962"},"modified":"2022-03-04T15:43:08","modified_gmt":"2022-03-04T15:43:08","slug":"gobierno-de-michoacan-potenciara-destinos-turisticos-de-patzcuaro-y-santa-clara-del-cobre","status":"publish","type":"post","link":"https:\/\/www.elgrillitosuena.com\/inicio\/noticias\/michoacan\/gobierno-de-michoacan-potenciara-destinos-turisticos-de-patzcuaro-y-santa-clara-del-cobre\/","title":{"rendered":"Gobierno de Michoac\u00e1n potenciar\u00e1 destinos tur\u00edsticos de P\u00e1tzcuaro y Santa Clara del Cobre"},"content":{"rendered":"<p><img decoding=\"async\" loading=\"lazy\" class=\"alignnone  wp-image-15963\" src=\"https:\/\/www.elgrillitosuena.com\/inicio\/wp-content\/uploads\/2022\/03\/WhatsApp-Image-2022-03-04-at-7.31.12-AM-300x200.jpeg\" alt=\"\" width=\"779\" height=\"519\" srcset=\"https:\/\/www.elgrillitosuena.com\/inicio\/wp-content\/uploads\/2022\/03\/WhatsApp-Image-2022-03-04-at-7.31.12-AM-300x200.jpeg 300w, https:\/\/www.elgrillitosuena.com\/inicio\/wp-content\/uploads\/2022\/03\/WhatsApp-Image-2022-03-04-at-7.31.12-AM-1024x682.jpeg 1024w, https:\/\/www.elgrillitosuena.com\/inicio\/wp-content\/uploads\/2022\/03\/WhatsApp-Image-2022-03-04-at-7.31.12-AM-768x512.jpeg 768w, https:\/\/www.elgrillitosuena.com\/inicio\/wp-content\/uploads\/2022\/03\/WhatsApp-Image-2022-03-04-at-7.31.12-AM-1536x1023.jpeg 1536w, https:\/\/www.elgrillitosuena.com\/inicio\/wp-content\/uploads\/2022\/03\/WhatsApp-Image-2022-03-04-at-7.31.12-AM.jpeg 1600w\" sizes=\"(max-width: 779px) 100vw, 779px\" \/><\/p>\n<p>Al encabezar reuniones con los integrantes de Cabildo de P\u00e1tzcuaro y Salvador Escalante, el gobernador Alfredo Ram\u00edrez Bedolla destac\u00f3 la importancia de consolidar al primero como Patrimonio Cultural de la Humanidad y al segundo, por su Feria Nacional del Cobre.<\/p>\n<p>Indic\u00f3 que por el potencial que tienen ambos municipios, es necesario construir un corredor tur\u00edstico que contemple Morelia, P\u00e1tzcuaro y Santa Clara del Cobre, logrando que visitantes nacionales e internacionales conozcan las bellezas naturales y culturales de la zona Lacustre.<\/p>\n<p><img decoding=\"async\" loading=\"lazy\" class=\"alignnone  wp-image-15964\" src=\"https:\/\/www.elgrillitosuena.com\/inicio\/wp-content\/uploads\/2022\/03\/WhatsApp-Image-2022-03-04-at-7.31.12-AM-1-300x200.jpeg\" alt=\"\" width=\"773\" height=\"515\" srcset=\"https:\/\/www.elgrillitosuena.com\/inicio\/wp-content\/uploads\/2022\/03\/WhatsApp-Image-2022-03-04-at-7.31.12-AM-1-300x200.jpeg 300w, https:\/\/www.elgrillitosuena.com\/inicio\/wp-content\/uploads\/2022\/03\/WhatsApp-Image-2022-03-04-at-7.31.12-AM-1-1024x682.jpeg 1024w, https:\/\/www.elgrillitosuena.com\/inicio\/wp-content\/uploads\/2022\/03\/WhatsApp-Image-2022-03-04-at-7.31.12-AM-1-768x512.jpeg 768w, https:\/\/www.elgrillitosuena.com\/inicio\/wp-content\/uploads\/2022\/03\/WhatsApp-Image-2022-03-04-at-7.31.12-AM-1-1536x1023.jpeg 1536w, https:\/\/www.elgrillitosuena.com\/inicio\/wp-content\/uploads\/2022\/03\/WhatsApp-Image-2022-03-04-at-7.31.12-AM-1.jpeg 1600w\" sizes=\"(max-width: 773px) 100vw, 773px\" \/><\/p>\n<p>Por lo anterior, Ram\u00edrez Bedolla instruy\u00f3 al secretario de Turismo, Roberto Monroy Garc\u00eda, dar un impulso mayor a la Feria Nacional del Cobre para darla a conocer en mayor n\u00famero de entidades y en el extranjero, y presumir las creaciones art\u00edsticas realizadas por m\u00e1s de 500 artesanos que participan en este certamen.<\/p>\n<p>Adem\u00e1s, refiri\u00f3 que continuar\u00e1 el trabajo con la Secretar\u00eda de Cultura estatal para lograr que P\u00e1tzcuaro alcance el reconocimiento de la UNESCO como Patrimonio Cultural de la Humanidad, coordinando acciones entre el gobierno, municipio y sociedad.<\/p>\n<p><img decoding=\"async\" loading=\"lazy\" class=\"alignnone  wp-image-15965\" src=\"https:\/\/www.elgrillitosuena.com\/inicio\/wp-content\/uploads\/2022\/03\/WhatsApp-Image-2022-03-04-at-7.31.12-AM-2-300x200.jpeg\" alt=\"\" width=\"764\" height=\"509\" srcset=\"https:\/\/www.elgrillitosuena.com\/inicio\/wp-content\/uploads\/2022\/03\/WhatsApp-Image-2022-03-04-at-7.31.12-AM-2-300x200.jpeg 300w, https:\/\/www.elgrillitosuena.com\/inicio\/wp-content\/uploads\/2022\/03\/WhatsApp-Image-2022-03-04-at-7.31.12-AM-2-1024x682.jpeg 1024w, https:\/\/www.elgrillitosuena.com\/inicio\/wp-content\/uploads\/2022\/03\/WhatsApp-Image-2022-03-04-at-7.31.12-AM-2-768x512.jpeg 768w, https:\/\/www.elgrillitosuena.com\/inicio\/wp-content\/uploads\/2022\/03\/WhatsApp-Image-2022-03-04-at-7.31.12-AM-2-1536x1023.jpeg 1536w, https:\/\/www.elgrillitosuena.com\/inicio\/wp-content\/uploads\/2022\/03\/WhatsApp-Image-2022-03-04-at-7.31.12-AM-2.jpeg 1600w\" sizes=\"(max-width: 764px) 100vw, 764px\" \/><\/p>\n<p>Por su parte, los presidentes municipales de P\u00e1tzcuaro, Julio Alberto Arreola V\u00e1zquez y de Salvador Escalante, Araceli Saucedo Reyes, agradecieron al gobernador el acercamiento con los cabildos mostrando as\u00ed su convicci\u00f3n municipalista al conocer directamente las necesidades en materia de turismo, salud, educaci\u00f3n, seguridad y otros temas que requieren trabajo coordinado a beneficio de las y los michoacanos.<\/p>\n","protected":false},"excerpt":{"rendered":"<p>Al encabezar reuniones con los integrantes de Cabildo de P\u00e1tzcuaro y Salvador Escalante, el gobernador Alfredo Ram\u00edrez Bedolla destac\u00f3 la importancia de consolidar al primero como Patrimonio Cultural de la Humanidad y al segundo, por su Feria Nacional del Cobre. Indic\u00f3 que por el potencial que tienen ambos municipios, es necesario construir un corredor tur\u00edstico &hellip;<\/p>\n","protected":false},"author":6,"featured_media":15963,"comment_status":"open","ping_status":"closed","sticky":false,"template":"","format":"standard","meta":[],"categories":[38],"tags":[1644,166,4343,200],"_links":{"self":[{"href":"https:\/\/www.elgrillitosuena.com\/inicio\/wp-json\/wp\/v2\/posts\/15962"}],"collection":[{"href":"https:\/\/www.elgrillitosuena.com\/inicio\/wp-json\/wp\/v2\/posts"}],"about":[{"href":"https:\/\/www.elgrillitosuena.com\/inicio\/wp-json\/wp\/v2\/types\/post"}],"author":[{"embeddable":true,"href":"https:\/\/www.elgrillitosuena.com\/inicio\/wp-json\/wp\/v2\/users\/6"}],"replies":[{"embeddable":true,"href":"https:\/\/www.elgrillitosuena.com\/inicio\/wp-json\/wp\/v2\/comments?post=15962"}],"version-history":[{"count":1,"href":"https:\/\/www.elgrillitosuena.com\/inicio\/wp-json\/wp\/v2\/posts\/15962\/revisions"}],"predecessor-version":[{"id":15966,"href":"https:\/\/www.elgrillitosuena.com\/inicio\/wp-json\/wp\/v2\/posts\/15962\/revisions\/15966"}],"wp:featuredmedia":[{"embeddable":true,"href":"https:\/\/www.elgrillitosuena.com\/inicio\/wp-json\/wp\/v2\/media\/15963"}],"wp:attachment":[{"href":"https:\/\/www.elgrillitosuena.com\/inicio\/wp-json\/wp\/v2\/media?parent=15962"}],"wp:term":[{"taxonomy":"category","embeddable":true,"href":"https:\/\/www.elgrillitosuena.com\/inicio\/wp-json\/wp\/v2\/categories?post=15962"},{"taxonomy":"post_tag","embeddable":true,"href":"https:\/\/www.elgrillitosuena.com\/inicio\/wp-json\/wp\/v2\/tags?post=15962"}],"curies":[{"name":"wp","href":"https:\/\/api.w.org\/{rel}","templated":true}]}}