{"id":15953,"date":"2022-03-04T15:22:05","date_gmt":"2022-03-04T15:22:05","guid":{"rendered":"https:\/\/www.elgrillitosuena.com\/inicio\/?p=15953"},"modified":"2022-03-04T15:22:05","modified_gmt":"2022-03-04T15:22:05","slug":"amlo-tira-paro-a-belinda-por-impuestos-no-vamos-a-irnos-sobre-ella-dice","status":"publish","type":"post","link":"https:\/\/www.elgrillitosuena.com\/inicio\/noticias\/mexico\/amlo-tira-paro-a-belinda-por-impuestos-no-vamos-a-irnos-sobre-ella-dice\/","title":{"rendered":"AMLO tira &#8220;paro&#8221; a Belinda por impuestos: &#8220;no vamos a irnos sobre ella&#8221;, dice"},"content":{"rendered":"<p><img decoding=\"async\" src=\"https:\/\/www.radioformula.com.mx\/u\/fotografias\/m\/2022\/3\/4\/f960x540-325167_399242_0.jpg\" alt=\"AMLO inform\u00f3 que no ir\u00e1 contra Belinda ante su deuda contra el SAT.\" \/><\/p>\n<p>El presidente\u00a0Andr\u00e9s Manuel L\u00f3pez Obrador (AMLO) revel\u00f3 que ante la situaci\u00f3n de la cantante Belinda\u00a0sobre su deuda al Servicio de Administraci\u00f3n Tributaria (SAT) su gobierno \u201cno ir\u00e1\u201d contra la interprete espa\u00f1ola.<\/p>\n<p>Desde mayo pasado, el\u00a0SAT\u00a0habr\u00eda notificado a\u00a0Belinda\u00a0su deuda y a finales de 2021, estableci\u00f3 que su representante, Fabiola Garc\u00eda L\u00f3pez, deb\u00eda presentarse en sus oficinas durante los primeros d\u00edas de 2022 y de no hacerlo se iniciar\u00eda un juicio en contra de la tambi\u00e9n actriz y Garc\u00eda L\u00f3pez.<\/p>\n<p>Ante esto, durante su conferencia de prensa ma\u00f1anera, el mandatario mexicano asegur\u00f3 que \u201cno vamos a ir contra Belinda\u201d, pues ella ya tiene un juicio en el SAT.<\/p>\n<p>&#8220;Hace unos d\u00edas sali\u00f3 lo de una cantante, Belinda, y ella tiene un juicio en el SAT, lo est\u00e1 defendiendo, no vamos a irnos contra Belinda&#8221;, asever\u00f3 el titular del Ejecutivo.<\/p>\n<p>Adem\u00e1s, L\u00f3pez Obrador record\u00f3 que en su gobierno ya se est\u00e1 avanzando \u201cporque no hay\u00a0privilegios fiscales\u201d como los sexenios anteriores, en donde \u201ca los de arriba no se les tocaba\u201d.<\/p>\n<p>\u201cSe ha estado avanzando para que no haya privilegios fiscales, antes era com\u00fan perseguir o encarcelar a un artista famoso, famosa, y aparentar que se estaba combatiendo la evasi\u00f3n fiscal. A los de arriba no se les tocaba, porque s\u00ed, un artista puede tener problemas con el SAT, pero nunca va a ser igual que las grandes corporaciones que dominaban que ten\u00edan secuestrado al gobierno y que no pagaban impuestos&#8221;, afirm\u00f3 AMLO.<\/p>\n<p>Por otro lado, el presidente record\u00f3 que todas y todos los mexicanos estamos obligados a contribuir, sin embargo,\u00a0\u00a0antes los que contribu\u00edan &#8220;eran los que no ten\u00edan influencias, los que se sent\u00edan due\u00f1os de M\u00e9xico, no pagaban impuestos&#8221;.<\/p>\n<p>Con informaci\u00f3n de Heraldo de M\u00e9xico<\/p>\n<p>&nbsp;<\/p>\n","protected":false},"excerpt":{"rendered":"<p>El presidente\u00a0Andr\u00e9s Manuel L\u00f3pez Obrador (AMLO) revel\u00f3 que ante la situaci\u00f3n de la cantante Belinda\u00a0sobre su deuda al Servicio de Administraci\u00f3n Tributaria (SAT) su gobierno \u201cno ir\u00e1\u201d contra la interprete espa\u00f1ola. Desde mayo pasado, el\u00a0SAT\u00a0habr\u00eda notificado a\u00a0Belinda\u00a0su deuda y a finales de 2021, estableci\u00f3 que su representante, Fabiola Garc\u00eda L\u00f3pez, deb\u00eda presentarse en sus oficinas &hellip;<\/p>\n","protected":false},"author":6,"featured_media":15954,"comment_status":"open","ping_status":"closed","sticky":false,"template":"","format":"standard","meta":[],"categories":[39],"tags":[98,4331,2667],"_links":{"self":[{"href":"https:\/\/www.elgrillitosuena.com\/inicio\/wp-json\/wp\/v2\/posts\/15953"}],"collection":[{"href":"https:\/\/www.elgrillitosuena.com\/inicio\/wp-json\/wp\/v2\/posts"}],"about":[{"href":"https:\/\/www.elgrillitosuena.com\/inicio\/wp-json\/wp\/v2\/types\/post"}],"author":[{"embeddable":true,"href":"https:\/\/www.elgrillitosuena.com\/inicio\/wp-json\/wp\/v2\/users\/6"}],"replies":[{"embeddable":true,"href":"https:\/\/www.elgrillitosuena.com\/inicio\/wp-json\/wp\/v2\/comments?post=15953"}],"version-history":[{"count":1,"href":"https:\/\/www.elgrillitosuena.com\/inicio\/wp-json\/wp\/v2\/posts\/15953\/revisions"}],"predecessor-version":[{"id":15955,"href":"https:\/\/www.elgrillitosuena.com\/inicio\/wp-json\/wp\/v2\/posts\/15953\/revisions\/15955"}],"wp:featuredmedia":[{"embeddable":true,"href":"https:\/\/www.elgrillitosuena.com\/inicio\/wp-json\/wp\/v2\/media\/15954"}],"wp:attachment":[{"href":"https:\/\/www.elgrillitosuena.com\/inicio\/wp-json\/wp\/v2\/media?parent=15953"}],"wp:term":[{"taxonomy":"category","embeddable":true,"href":"https:\/\/www.elgrillitosuena.com\/inicio\/wp-json\/wp\/v2\/categories?post=15953"},{"taxonomy":"post_tag","embeddable":true,"href":"https:\/\/www.elgrillitosuena.com\/inicio\/wp-json\/wp\/v2\/tags?post=15953"}],"curies":[{"name":"wp","href":"https:\/\/api.w.org\/{rel}","templated":true}]}}