{"id":15950,"date":"2022-03-04T15:17:06","date_gmt":"2022-03-04T15:17:06","guid":{"rendered":"https:\/\/www.elgrillitosuena.com\/inicio\/?p=15950"},"modified":"2022-03-04T15:17:06","modified_gmt":"2022-03-04T15:17:06","slug":"mexico-no-donara-armas-a-ucrania-amlo","status":"publish","type":"post","link":"https:\/\/www.elgrillitosuena.com\/inicio\/noticias\/mexico\/mexico-no-donara-armas-a-ucrania-amlo\/","title":{"rendered":"M\u00e9xico no donar\u00e1 armas a Ucrania: AMLO"},"content":{"rendered":"<p><img decoding=\"async\" src=\"https:\/\/heraldodemexico.com.mx\/u\/fotografias\/m\/2022\/2\/24\/f960x540-481858_555933_0.jpg\" \/><\/p>\n<p>El presidente Andr\u00e9s Manuel L\u00f3pez Obrador afirm\u00f3 que el\u00a0gobierno de M\u00e9xico no donar\u00e1 armas a Ucrania\u00a0para enfrentar la\u00a0invasi\u00f3n de Rusia.<\/p>\n<p>En la conferencia de prensa en Palacio Nacional, el jefe del ejecutivo federal dijo que no se atender\u00e1 la solicitud de un grupo de\u00a0legisladores ucranianos que piden el env\u00edo de armas a la zona de conflicto.<\/p>\n<p>Ayer legisladores de Ucrania solicitaron una donaci\u00f3n de armas a la presidenta de la Mesa Directiva del Senado, Olga S\u00e1nchez Cordero.<\/p>\n<p>&#8220;Nosotros no mandamos armas a ning\u00fan lado, nosotros somos pacifistas&#8221;, afirm\u00f3 el presidente L\u00f3pez Obrador. Adelant\u00f3 que en M\u00e9xico tambi\u00e9n brindar\u00e1 apoyo y asistencia a los connacionales que se encuentran en Rusia.<\/p>\n<p>&#8220;Si es necesario los vamos a proteger tambi\u00e9n. Ya Relaciones (Exteriores) est\u00e1 atendiendo esto tanto los mexicanos en Ucrania como los mexicanos en Rusia, protecci\u00f3n y ayuda humanitaria a todos, nosotros somos del Partido de la Fraternidad Universal que va m\u00e1s all\u00e1 de fronteras&#8221;, precis\u00f3.<\/p>\n<p>Con informaci\u00f3n de Heraldo de M\u00e9xico<\/p>\n<p>&nbsp;<\/p>\n","protected":false},"excerpt":{"rendered":"<p>El presidente Andr\u00e9s Manuel L\u00f3pez Obrador afirm\u00f3 que el\u00a0gobierno de M\u00e9xico no donar\u00e1 armas a Ucrania\u00a0para enfrentar la\u00a0invasi\u00f3n de Rusia. En la conferencia de prensa en Palacio Nacional, el jefe del ejecutivo federal dijo que no se atender\u00e1 la solicitud de un grupo de\u00a0legisladores ucranianos que piden el env\u00edo de armas a la zona de &hellip;<\/p>\n","protected":false},"author":6,"featured_media":15951,"comment_status":"open","ping_status":"closed","sticky":false,"template":"","format":"standard","meta":[],"categories":[39],"tags":[98,2223,3714],"_links":{"self":[{"href":"https:\/\/www.elgrillitosuena.com\/inicio\/wp-json\/wp\/v2\/posts\/15950"}],"collection":[{"href":"https:\/\/www.elgrillitosuena.com\/inicio\/wp-json\/wp\/v2\/posts"}],"about":[{"href":"https:\/\/www.elgrillitosuena.com\/inicio\/wp-json\/wp\/v2\/types\/post"}],"author":[{"embeddable":true,"href":"https:\/\/www.elgrillitosuena.com\/inicio\/wp-json\/wp\/v2\/users\/6"}],"replies":[{"embeddable":true,"href":"https:\/\/www.elgrillitosuena.com\/inicio\/wp-json\/wp\/v2\/comments?post=15950"}],"version-history":[{"count":1,"href":"https:\/\/www.elgrillitosuena.com\/inicio\/wp-json\/wp\/v2\/posts\/15950\/revisions"}],"predecessor-version":[{"id":15952,"href":"https:\/\/www.elgrillitosuena.com\/inicio\/wp-json\/wp\/v2\/posts\/15950\/revisions\/15952"}],"wp:featuredmedia":[{"embeddable":true,"href":"https:\/\/www.elgrillitosuena.com\/inicio\/wp-json\/wp\/v2\/media\/15951"}],"wp:attachment":[{"href":"https:\/\/www.elgrillitosuena.com\/inicio\/wp-json\/wp\/v2\/media?parent=15950"}],"wp:term":[{"taxonomy":"category","embeddable":true,"href":"https:\/\/www.elgrillitosuena.com\/inicio\/wp-json\/wp\/v2\/categories?post=15950"},{"taxonomy":"post_tag","embeddable":true,"href":"https:\/\/www.elgrillitosuena.com\/inicio\/wp-json\/wp\/v2\/tags?post=15950"}],"curies":[{"name":"wp","href":"https:\/\/api.w.org\/{rel}","templated":true}]}}