{"id":15945,"date":"2022-03-04T15:07:24","date_gmt":"2022-03-04T15:07:24","guid":{"rendered":"https:\/\/www.elgrillitosuena.com\/inicio\/?p=15945"},"modified":"2022-03-04T15:07:24","modified_gmt":"2022-03-04T15:07:24","slug":"mexico-no-aplicara-sanciones-unilaterales-a-rusia-solo-las-que-apruebe-la-onu-ebrard","status":"publish","type":"post","link":"https:\/\/www.elgrillitosuena.com\/inicio\/noticias\/mexico\/mexico-no-aplicara-sanciones-unilaterales-a-rusia-solo-las-que-apruebe-la-onu-ebrard\/","title":{"rendered":"M\u00e9xico no aplicar\u00e1 sanciones unilaterales a Rusia, solo las que apruebe la ONU: Ebrard"},"content":{"rendered":"<p><img decoding=\"async\" src=\"https:\/\/cdn2.excelsior.com.mx\/media\/styles\/image800x600\/public\/pictures\/2022\/03\/04\/2723321.jpg\" \/><\/p>\n<p>El titular de la Secretar\u00eda de Relaciones Exteriores, Marcelo Ebrard Casaub\u00f3n reiter\u00f3 esta ma\u00f1ana en la conferencia de prensa ma\u00f1anera que encabeza elpresidente Andr\u00e9s Manuel L\u00f3pez Obrador\u00a0la postura de M\u00e9xico en torno a la invasi\u00f3n armada que realiz\u00f3 Rusia en Ucrania.<\/p>\n<p>El canciller asegur\u00f3 que\u00a0M\u00e9xico nunca ha aplicado una sanci\u00f3n unilateral en contra de otro pa\u00eds,\u00a0y en todo caso \u00fanicamente el pa\u00eds est\u00e1 obligado si el consejo general de la Organizaci\u00f3n de las Naciones Unidas (ONU) aplica sanciones multilaterales, es decir que es un acuerdo de los pa\u00edses miembros, no solo de M\u00e9xico.<\/p>\n<p>Reiter\u00f3 la postura de la naci\u00f3n que opta por la soluci\u00f3n pac\u00edfica, \u201ccondenamos en\u00e9rgicamente la invasi\u00f3n a Ucrania, por hoy M\u00e9xico promueve la ayuda humanitaria, que se proteja a la poblaci\u00f3n civil, trabajamos en eso\u201d, dijo.<\/p>\n<p>Con informaci\u00f3n de Exc\u00e9lsior<\/p>\n","protected":false},"excerpt":{"rendered":"<p>El titular de la Secretar\u00eda de Relaciones Exteriores, Marcelo Ebrard Casaub\u00f3n reiter\u00f3 esta ma\u00f1ana en la conferencia de prensa ma\u00f1anera que encabeza elpresidente Andr\u00e9s Manuel L\u00f3pez Obrador\u00a0la postura de M\u00e9xico en torno a la invasi\u00f3n armada que realiz\u00f3 Rusia en Ucrania. El canciller asegur\u00f3 que\u00a0M\u00e9xico nunca ha aplicado una sanci\u00f3n unilateral en contra de otro &hellip;<\/p>\n","protected":false},"author":6,"featured_media":15946,"comment_status":"open","ping_status":"closed","sticky":false,"template":"","format":"standard","meta":[],"categories":[39],"tags":[98,245,260,125],"_links":{"self":[{"href":"https:\/\/www.elgrillitosuena.com\/inicio\/wp-json\/wp\/v2\/posts\/15945"}],"collection":[{"href":"https:\/\/www.elgrillitosuena.com\/inicio\/wp-json\/wp\/v2\/posts"}],"about":[{"href":"https:\/\/www.elgrillitosuena.com\/inicio\/wp-json\/wp\/v2\/types\/post"}],"author":[{"embeddable":true,"href":"https:\/\/www.elgrillitosuena.com\/inicio\/wp-json\/wp\/v2\/users\/6"}],"replies":[{"embeddable":true,"href":"https:\/\/www.elgrillitosuena.com\/inicio\/wp-json\/wp\/v2\/comments?post=15945"}],"version-history":[{"count":1,"href":"https:\/\/www.elgrillitosuena.com\/inicio\/wp-json\/wp\/v2\/posts\/15945\/revisions"}],"predecessor-version":[{"id":15947,"href":"https:\/\/www.elgrillitosuena.com\/inicio\/wp-json\/wp\/v2\/posts\/15945\/revisions\/15947"}],"wp:featuredmedia":[{"embeddable":true,"href":"https:\/\/www.elgrillitosuena.com\/inicio\/wp-json\/wp\/v2\/media\/15946"}],"wp:attachment":[{"href":"https:\/\/www.elgrillitosuena.com\/inicio\/wp-json\/wp\/v2\/media?parent=15945"}],"wp:term":[{"taxonomy":"category","embeddable":true,"href":"https:\/\/www.elgrillitosuena.com\/inicio\/wp-json\/wp\/v2\/categories?post=15945"},{"taxonomy":"post_tag","embeddable":true,"href":"https:\/\/www.elgrillitosuena.com\/inicio\/wp-json\/wp\/v2\/tags?post=15945"}],"curies":[{"name":"wp","href":"https:\/\/api.w.org\/{rel}","templated":true}]}}