{"id":15927,"date":"2022-03-03T19:59:34","date_gmt":"2022-03-03T19:59:34","guid":{"rendered":"https:\/\/www.elgrillitosuena.com\/inicio\/?p=15927"},"modified":"2022-03-03T19:59:34","modified_gmt":"2022-03-03T19:59:34","slug":"dentro-de-la-ley-todas-las-plazas-que-se-otorguen-a-normalistas-see","status":"publish","type":"post","link":"https:\/\/www.elgrillitosuena.com\/inicio\/noticias\/michoacan\/dentro-de-la-ley-todas-las-plazas-que-se-otorguen-a-normalistas-see\/","title":{"rendered":"Dentro de la ley, todas las plazas que se otorguen a normalistas: SEE"},"content":{"rendered":"<p><img decoding=\"async\" loading=\"lazy\" class=\"alignnone  wp-image-15928\" src=\"https:\/\/www.elgrillitosuena.com\/inicio\/wp-content\/uploads\/2022\/03\/WhatsApp-Image-2022-03-03-at-11.52.05-AM-1-300x169.jpeg\" alt=\"\" width=\"770\" height=\"434\" srcset=\"https:\/\/www.elgrillitosuena.com\/inicio\/wp-content\/uploads\/2022\/03\/WhatsApp-Image-2022-03-03-at-11.52.05-AM-1-300x169.jpeg 300w, https:\/\/www.elgrillitosuena.com\/inicio\/wp-content\/uploads\/2022\/03\/WhatsApp-Image-2022-03-03-at-11.52.05-AM-1.jpeg 640w\" sizes=\"(max-width: 770px) 100vw, 770px\" \/><\/p>\n<p>La Secretar\u00eda de Educaci\u00f3n del Estado (SEE) reitera el llamado a los normalistas a participar en los procesos normativos para el otorgamiento de plazas, recordando que bajo ning\u00fan motivo se han entregado ni se entregar\u00e1n \u00e9stas, fuera de ley.<\/p>\n<p>Es a trav\u00e9s de la Unidad Estatal del Sistema para la Carrera de los Maestros y las Maestras (Uesicamm) que se llevan a cabo los procesos para la asignaci\u00f3n de un centro de trabajo a los egresados normalistas.<\/p>\n<p><img decoding=\"async\" loading=\"lazy\" class=\"alignnone  wp-image-15929\" src=\"https:\/\/www.elgrillitosuena.com\/inicio\/wp-content\/uploads\/2022\/03\/WhatsApp-Image-2022-03-03-at-11.52.06-AM-300x203.jpeg\" alt=\"\" width=\"758\" height=\"513\" srcset=\"https:\/\/www.elgrillitosuena.com\/inicio\/wp-content\/uploads\/2022\/03\/WhatsApp-Image-2022-03-03-at-11.52.06-AM-300x203.jpeg 300w, https:\/\/www.elgrillitosuena.com\/inicio\/wp-content\/uploads\/2022\/03\/WhatsApp-Image-2022-03-03-at-11.52.06-AM-1024x694.jpeg 1024w, https:\/\/www.elgrillitosuena.com\/inicio\/wp-content\/uploads\/2022\/03\/WhatsApp-Image-2022-03-03-at-11.52.06-AM-768x521.jpeg 768w, https:\/\/www.elgrillitosuena.com\/inicio\/wp-content\/uploads\/2022\/03\/WhatsApp-Image-2022-03-03-at-11.52.06-AM-1536x1042.jpeg 1536w, https:\/\/www.elgrillitosuena.com\/inicio\/wp-content\/uploads\/2022\/03\/WhatsApp-Image-2022-03-03-at-11.52.06-AM-110x75.jpeg 110w, https:\/\/www.elgrillitosuena.com\/inicio\/wp-content\/uploads\/2022\/03\/WhatsApp-Image-2022-03-03-at-11.52.06-AM.jpeg 1600w\" sizes=\"(max-width: 758px) 100vw, 758px\" \/><\/p>\n<p>La SEE recuerda que por ley no se pueden asignar plazas autom\u00e1ticas, es necesario que los interesados cumplan con el perfil y participen en las convocatorias que se hacen p\u00fablicas en las p\u00e1ginas oficiales de la SEE, as\u00ed como de Uesicamm.<\/p>\n<p>En ese sentido, la secretaria de Educaci\u00f3n, Yarab\u00ed \u00c1vila G\u00f3nzalez, asegur\u00f3 que se mantiene la apertura para que a trav\u00e9s de Uesicamm los normalistas que busquen iniciar su proceso puedan ser asesorados.<\/p>\n<p><img decoding=\"async\" loading=\"lazy\" class=\"alignnone  wp-image-15930\" src=\"https:\/\/www.elgrillitosuena.com\/inicio\/wp-content\/uploads\/2022\/03\/WhatsApp-Image-2022-03-03-at-11.52.05-AM-2-300x200.jpeg\" alt=\"\" width=\"728\" height=\"485\" srcset=\"https:\/\/www.elgrillitosuena.com\/inicio\/wp-content\/uploads\/2022\/03\/WhatsApp-Image-2022-03-03-at-11.52.05-AM-2-300x200.jpeg 300w, https:\/\/www.elgrillitosuena.com\/inicio\/wp-content\/uploads\/2022\/03\/WhatsApp-Image-2022-03-03-at-11.52.05-AM-2.jpeg 700w\" sizes=\"(max-width: 728px) 100vw, 728px\" \/><\/p>\n<p>De igual forma, se tiene la disposici\u00f3n al di\u00e1logo con los diferentes grupos, incluidos los j\u00f3venes normalistas; bajo el entendido de que no podr\u00e1n existir acuerdos que violen la normativa.<\/p>\n","protected":false},"excerpt":{"rendered":"<p>La Secretar\u00eda de Educaci\u00f3n del Estado (SEE) reitera el llamado a los normalistas a participar en los procesos normativos para el otorgamiento de plazas, recordando que bajo ning\u00fan motivo se han entregado ni se entregar\u00e1n \u00e9stas, fuera de ley. Es a trav\u00e9s de la Unidad Estatal del Sistema para la Carrera de los Maestros y &hellip;<\/p>\n","protected":false},"author":6,"featured_media":15928,"comment_status":"open","ping_status":"closed","sticky":false,"template":"","format":"standard","meta":[],"categories":[38],"tags":[56,349,2160],"_links":{"self":[{"href":"https:\/\/www.elgrillitosuena.com\/inicio\/wp-json\/wp\/v2\/posts\/15927"}],"collection":[{"href":"https:\/\/www.elgrillitosuena.com\/inicio\/wp-json\/wp\/v2\/posts"}],"about":[{"href":"https:\/\/www.elgrillitosuena.com\/inicio\/wp-json\/wp\/v2\/types\/post"}],"author":[{"embeddable":true,"href":"https:\/\/www.elgrillitosuena.com\/inicio\/wp-json\/wp\/v2\/users\/6"}],"replies":[{"embeddable":true,"href":"https:\/\/www.elgrillitosuena.com\/inicio\/wp-json\/wp\/v2\/comments?post=15927"}],"version-history":[{"count":1,"href":"https:\/\/www.elgrillitosuena.com\/inicio\/wp-json\/wp\/v2\/posts\/15927\/revisions"}],"predecessor-version":[{"id":15931,"href":"https:\/\/www.elgrillitosuena.com\/inicio\/wp-json\/wp\/v2\/posts\/15927\/revisions\/15931"}],"wp:featuredmedia":[{"embeddable":true,"href":"https:\/\/www.elgrillitosuena.com\/inicio\/wp-json\/wp\/v2\/media\/15928"}],"wp:attachment":[{"href":"https:\/\/www.elgrillitosuena.com\/inicio\/wp-json\/wp\/v2\/media?parent=15927"}],"wp:term":[{"taxonomy":"category","embeddable":true,"href":"https:\/\/www.elgrillitosuena.com\/inicio\/wp-json\/wp\/v2\/categories?post=15927"},{"taxonomy":"post_tag","embeddable":true,"href":"https:\/\/www.elgrillitosuena.com\/inicio\/wp-json\/wp\/v2\/tags?post=15927"}],"curies":[{"name":"wp","href":"https:\/\/api.w.org\/{rel}","templated":true}]}}