{"id":15836,"date":"2022-03-02T15:28:23","date_gmt":"2022-03-02T15:28:23","guid":{"rendered":"https:\/\/www.elgrillitosuena.com\/inicio\/?p=15836"},"modified":"2022-03-02T15:28:23","modified_gmt":"2022-03-02T15:28:23","slug":"amlo-aplaude-discurso-de-biden-en-materia-migratoria-y-control-de-armas-me-parecio-correcto-oportuno","status":"publish","type":"post","link":"https:\/\/www.elgrillitosuena.com\/inicio\/noticias\/mexico\/amlo-aplaude-discurso-de-biden-en-materia-migratoria-y-control-de-armas-me-parecio-correcto-oportuno\/","title":{"rendered":"AMLO aplaude discurso de Biden en materia migratoria y control de armas: \u201cMe pareci\u00f3 correcto, oportuno\u201d"},"content":{"rendered":"<p><img decoding=\"async\" src=\"https:\/\/heraldodemexico.com.mx\/u\/fotografias\/m\/2022\/3\/2\/f960x540-484118_558193_0.jpg\" alt=\"AMLO reconoci\u00f3 la importancia en el discurso de Joe BIden sobre el tema migratorio.\" \/><\/p>\n<p>El presidente\u00a0Andr\u00e9s Manuel L\u00f3pez Obrador\u00a0aplaudi\u00f3 en la Ma\u00f1anera el discurso en el Capitolio de su hom\u00f3logo estadounidense,\u00a0Joe Biden, especialmente lo relacionado al tema migratorio y el control de armas.<\/p>\n<blockquote><p>&#8220;Me pareci\u00f3\u00a0adecuado, correcto, oportuno,\u00a0el mensaje del presidente Biden, especialmente en el control de las armas y tambi\u00e9n el nuevo enfoque que se tiene que dar a la pol\u00edtica migratoria. El compromiso para regular a paisanos y migrantes&#8221;, dijo.<\/p><\/blockquote>\n<p>En la Ma\u00f1anera, el mandatario mexicano agreg\u00f3 que le llam\u00f3 la atenci\u00f3n que Joe Biden relacionara el tema migratorio a lo humanitario, pero tambi\u00e9n a lo econ\u00f3mico.<\/p>\n<div class=\"content-banner\">Explic\u00f3 que esa postura es parte del planteamiento mexicano, en el sentido de ordenar el flujo migratorio y de tener la mano de obra adecuada para crecer econ\u00f3micamente.<\/div>\n<div><\/div>\n<div>&#8220;No tienen fuerza de trabajo. As\u00ed de claro. Ni Estados Unidos ni Canad\u00e1&#8221;, reiter\u00f3 el mandatario y agreg\u00f3 que se debe de pensar en el potencial que hay en Am\u00e9rica Latina: &#8220;no vamos a crecer\u00a0si no contamos con\u00a0fuerza de trabajo&#8221;.<\/div>\n<div><\/div>\n<div>\n<p>Consider\u00f3 que es contradictorio que haya una pol\u00edtica migratoria que impida trabajar honradamente, por ello es necesario ordenar ese fijo en vez de estar deteniendo y haci\u00e9ndolo ilegal.<\/p>\n<blockquote><p>&#8220;El presidente Biden habl\u00f3 de ese tema. Volvi\u00f3 a hacer el compromiso de la regularizaci\u00f3n de migrantes. Estamos de acuerdo y ojal\u00e1 se apruebe pronto y se cuente con el apoyo de los partidos Dem\u00f3crata y Republicano&#8221;, asegur\u00f3 AMLO.<\/p><\/blockquote>\n<p>&#8220;Hay muchos m\u00e9xico-estadounidense y no es posible que los migrantes est\u00e9n a favor de partidos que los rechaza&#8221;, sostuvo el jefe del Ejecutivo. En ese sentido, la reuni\u00f3n en Tapachula con el embajador de Estados Unidos en M\u00e9xico, Ken Salazar, ser\u00e1 para seguir hablando sobre el plan migratorio y la fuerza de trabajo que se necesita para crecer como regi\u00f3n.<\/p>\n<p>Con informaci\u00f3n de Heraldo de M\u00e9xico<\/p>\n<\/div>\n","protected":false},"excerpt":{"rendered":"<p>El presidente\u00a0Andr\u00e9s Manuel L\u00f3pez Obrador\u00a0aplaudi\u00f3 en la Ma\u00f1anera el discurso en el Capitolio de su hom\u00f3logo estadounidense,\u00a0Joe Biden, especialmente lo relacionado al tema migratorio y el control de armas. &#8220;Me pareci\u00f3\u00a0adecuado, correcto, oportuno,\u00a0el mensaje del presidente Biden, especialmente en el control de las armas y tambi\u00e9n el nuevo enfoque que se tiene que dar a &hellip;<\/p>\n","protected":false},"author":6,"featured_media":15837,"comment_status":"open","ping_status":"closed","sticky":false,"template":"","format":"standard","meta":[],"categories":[39],"tags":[98,706,4322],"_links":{"self":[{"href":"https:\/\/www.elgrillitosuena.com\/inicio\/wp-json\/wp\/v2\/posts\/15836"}],"collection":[{"href":"https:\/\/www.elgrillitosuena.com\/inicio\/wp-json\/wp\/v2\/posts"}],"about":[{"href":"https:\/\/www.elgrillitosuena.com\/inicio\/wp-json\/wp\/v2\/types\/post"}],"author":[{"embeddable":true,"href":"https:\/\/www.elgrillitosuena.com\/inicio\/wp-json\/wp\/v2\/users\/6"}],"replies":[{"embeddable":true,"href":"https:\/\/www.elgrillitosuena.com\/inicio\/wp-json\/wp\/v2\/comments?post=15836"}],"version-history":[{"count":1,"href":"https:\/\/www.elgrillitosuena.com\/inicio\/wp-json\/wp\/v2\/posts\/15836\/revisions"}],"predecessor-version":[{"id":15838,"href":"https:\/\/www.elgrillitosuena.com\/inicio\/wp-json\/wp\/v2\/posts\/15836\/revisions\/15838"}],"wp:featuredmedia":[{"embeddable":true,"href":"https:\/\/www.elgrillitosuena.com\/inicio\/wp-json\/wp\/v2\/media\/15837"}],"wp:attachment":[{"href":"https:\/\/www.elgrillitosuena.com\/inicio\/wp-json\/wp\/v2\/media?parent=15836"}],"wp:term":[{"taxonomy":"category","embeddable":true,"href":"https:\/\/www.elgrillitosuena.com\/inicio\/wp-json\/wp\/v2\/categories?post=15836"},{"taxonomy":"post_tag","embeddable":true,"href":"https:\/\/www.elgrillitosuena.com\/inicio\/wp-json\/wp\/v2\/tags?post=15836"}],"curies":[{"name":"wp","href":"https:\/\/api.w.org\/{rel}","templated":true}]}}