{"id":15828,"date":"2022-03-02T15:19:25","date_gmt":"2022-03-02T15:19:25","guid":{"rendered":"https:\/\/www.elgrillitosuena.com\/inicio\/?p=15828"},"modified":"2022-03-02T15:19:25","modified_gmt":"2022-03-02T15:19:25","slug":"avanzan-preparativos-para-el-tianguis-artesanal-de-domingo-de-ramos","status":"publish","type":"post","link":"https:\/\/www.elgrillitosuena.com\/inicio\/noticias\/uruapan\/avanzan-preparativos-para-el-tianguis-artesanal-de-domingo-de-ramos\/","title":{"rendered":"Avanzan preparativos para el Tianguis Artesanal de Domingo de Ramos"},"content":{"rendered":"<p><img decoding=\"async\" loading=\"lazy\" class=\"alignnone  wp-image-15830\" src=\"https:\/\/www.elgrillitosuena.com\/inicio\/wp-content\/uploads\/2022\/03\/descarga-16.jpg\" alt=\"\" width=\"682\" height=\"452\" \/><\/p>\n<p>Los preparativos para la realizaci\u00f3n del Tianguis Artesanal de Domingo de Ramos avanzan con las reuniones de trabajo entre las autoridades municipales, estatales y representantes de los creadores de Michoac\u00e1n, con el objetivo de salvaguardar la fiesta m\u00e1s importante de la artesan\u00eda en Latinoam\u00e9rica.<\/p>\n<p>Conscientes de la importancia art\u00edstica, cultural y econ\u00f3mica de este evento, las autoridades municipales, encabezadas por la secretaria de Turismo y Cultura, Mar\u00eda Concepci\u00f3n Ram\u00edrez S\u00e1mano, hicieron \u00e9nfasis en las medidas sanitarias; pues depende de los expositores y visitantes que el Tianguis Artesanal se desarrolle sin contratiempos.<\/p>\n<p><img decoding=\"async\" loading=\"lazy\" class=\"alignnone  wp-image-15831\" src=\"https:\/\/www.elgrillitosuena.com\/inicio\/wp-content\/uploads\/2022\/03\/descarga-17.jpg\" alt=\"\" width=\"789\" height=\"442\" \/><\/p>\n<p>Para cuidar la cadena de contagios, el gobierno municipal afina el protocolo sanitario en coordinaci\u00f3n con los creadores y autoridades estatales, para llevar a cabo las actividades de forma segura e impulsar el turismo y la econom\u00eda local.<\/p>\n<p><img decoding=\"async\" loading=\"lazy\" class=\"alignnone  wp-image-15829\" src=\"https:\/\/www.elgrillitosuena.com\/inicio\/wp-content\/uploads\/2022\/03\/WhatsApp-Image-2022-03-02-at-8.57.16-AM-300x209.jpeg\" alt=\"\" width=\"744\" height=\"518\" srcset=\"https:\/\/www.elgrillitosuena.com\/inicio\/wp-content\/uploads\/2022\/03\/WhatsApp-Image-2022-03-02-at-8.57.16-AM-300x209.jpeg 300w, https:\/\/www.elgrillitosuena.com\/inicio\/wp-content\/uploads\/2022\/03\/WhatsApp-Image-2022-03-02-at-8.57.16-AM-1024x714.jpeg 1024w, https:\/\/www.elgrillitosuena.com\/inicio\/wp-content\/uploads\/2022\/03\/WhatsApp-Image-2022-03-02-at-8.57.16-AM-768x535.jpeg 768w, https:\/\/www.elgrillitosuena.com\/inicio\/wp-content\/uploads\/2022\/03\/WhatsApp-Image-2022-03-02-at-8.57.16-AM.jpeg 1280w\" sizes=\"(max-width: 744px) 100vw, 744px\" \/><\/p>\n<p>Emilia Reyes Oseguera, presidenta de la Uni\u00f3n de Artesanos Michoacanos (Uneamich), explic\u00f3 que los artesanos se encuentran contentos y emocionados, \u201cporque (los creadores) se sienten como en casa. Como Uruapan no hay otro lugar\u201d.<\/p>\n<p>El Tianguis Artesanal de Domingo de Ramos representa un ingreso econ\u00f3mico bueno y seguro, \u201cporque no se compara con otros eventos en el estado y el pa\u00eds\u201d, concluy\u00f3.<\/p>\n<p>Finalmente, se espera a m\u00e1s de mil 300 artesanos, comprometidos con las medidas sanitarias, en coordinaci\u00f3n con Cofepris, Jurisdicci\u00f3n Sanitaria, DIF y Protecci\u00f3n Civil.<\/p>\n","protected":false},"excerpt":{"rendered":"<p>Los preparativos para la realizaci\u00f3n del Tianguis Artesanal de Domingo de Ramos avanzan con las reuniones de trabajo entre las autoridades municipales, estatales y representantes de los creadores de Michoac\u00e1n, con el objetivo de salvaguardar la fiesta m\u00e1s importante de la artesan\u00eda en Latinoam\u00e9rica. Conscientes de la importancia art\u00edstica, cultural y econ\u00f3mica de este evento, &hellip;<\/p>\n","protected":false},"author":6,"featured_media":15830,"comment_status":"open","ping_status":"closed","sticky":false,"template":"","format":"standard","meta":[],"categories":[37],"tags":[4319,4274,4320],"_links":{"self":[{"href":"https:\/\/www.elgrillitosuena.com\/inicio\/wp-json\/wp\/v2\/posts\/15828"}],"collection":[{"href":"https:\/\/www.elgrillitosuena.com\/inicio\/wp-json\/wp\/v2\/posts"}],"about":[{"href":"https:\/\/www.elgrillitosuena.com\/inicio\/wp-json\/wp\/v2\/types\/post"}],"author":[{"embeddable":true,"href":"https:\/\/www.elgrillitosuena.com\/inicio\/wp-json\/wp\/v2\/users\/6"}],"replies":[{"embeddable":true,"href":"https:\/\/www.elgrillitosuena.com\/inicio\/wp-json\/wp\/v2\/comments?post=15828"}],"version-history":[{"count":1,"href":"https:\/\/www.elgrillitosuena.com\/inicio\/wp-json\/wp\/v2\/posts\/15828\/revisions"}],"predecessor-version":[{"id":15832,"href":"https:\/\/www.elgrillitosuena.com\/inicio\/wp-json\/wp\/v2\/posts\/15828\/revisions\/15832"}],"wp:featuredmedia":[{"embeddable":true,"href":"https:\/\/www.elgrillitosuena.com\/inicio\/wp-json\/wp\/v2\/media\/15830"}],"wp:attachment":[{"href":"https:\/\/www.elgrillitosuena.com\/inicio\/wp-json\/wp\/v2\/media?parent=15828"}],"wp:term":[{"taxonomy":"category","embeddable":true,"href":"https:\/\/www.elgrillitosuena.com\/inicio\/wp-json\/wp\/v2\/categories?post=15828"},{"taxonomy":"post_tag","embeddable":true,"href":"https:\/\/www.elgrillitosuena.com\/inicio\/wp-json\/wp\/v2\/tags?post=15828"}],"curies":[{"name":"wp","href":"https:\/\/api.w.org\/{rel}","templated":true}]}}