{"id":15778,"date":"2022-03-01T16:25:56","date_gmt":"2022-03-01T16:25:56","guid":{"rendered":"https:\/\/www.elgrillitosuena.com\/inicio\/?p=15778"},"modified":"2022-03-01T16:25:56","modified_gmt":"2022-03-01T16:25:56","slug":"ataque-en-velorio-en-michoacan-por-posible-venganza-entre-miembros-del-cjng-sspc","status":"publish","type":"post","link":"https:\/\/www.elgrillitosuena.com\/inicio\/noticias\/michoacan\/ataque-en-velorio-en-michoacan-por-posible-venganza-entre-miembros-del-cjng-sspc\/","title":{"rendered":"Ataque en velorio en Michoac\u00e1n, por posible venganza entre miembros del CJNG: SSPC"},"content":{"rendered":"<p><img decoding=\"async\" src=\"https:\/\/heraldodemexico.com.mx\/u\/fotografias\/m\/2022\/3\/1\/f960x540-483626_557701_0.jpg\" \/><\/p>\n<p>El ataque que ocurri\u00f3 el domingo durante un velorio\u00a0en el municipio de San Jos\u00e9 de Gracia, Michoac\u00e1n, presuntamente deriv\u00f3 de una venganza entre grupos criminales ligados al C\u00e1rtel de Jalisco Nueva Generaci\u00f3n (CJNG),\u00a0inform\u00f3 Ricardo Mej\u00eda, sub secretario de Seguridad P\u00fablica, de la Secretar\u00eda de Seguridad y Protecci\u00f3n Ciudadana.<\/p>\n<p>En La Ma\u00f1anera desde Palacio Nacional, el funcionario federal explic\u00f3 que hasta el momento se ubic\u00f3 como m\u00f3vil del ataque, una posible diferencia de intereses de car\u00e1cter personal y familiar entre los l\u00edderes de dos c\u00e9lulas delictivas, identificados como Alejandro, alias El Pel\u00f3n; y Abel, alias El Toro o El Viej\u00f3n.<\/p>\n<p>&#8220;Referir que el m\u00f3vil que hemos ubicado es una posible venganza entre grupos vinculados a la delincuencia organizada que dependen de la misma estructura conocida como C\u00e1rtel Jalisco, es decir, una diferencia donde hay intereses de car\u00e1cter personal y familiar entre la cabeza de dos c\u00e9lulas, uno que podemos ubicar c\u00f3mo Alejandro alias El Pel\u00f3n; y otro Abel, alias El Toro o El Viej\u00f3n, ambos oriundos de San Jos\u00e9 de Gracia&#8221;, dijo.<\/p>\n<p>Detall\u00f3 que ambos pertenecieron primero al grupo criminal Caballeros Templarios; sin embargo, El Pel\u00f3n se cambi\u00f3 al CJNG, donde operaba como jefe de plaza Tizap\u00e1n el Alto Mazamitla. Posteriormente, conoci\u00f3 a Abel y lo integr\u00f3 a su c\u00e9lula delictiva, no obstante, tras la detenci\u00f3n de Alejandro, El Viej\u00f3n tom\u00f3 el control de la plaza y comienza a haber diferencias entre ambos, por lo que le proh\u00edbe a El Pel\u00f3n volver a San Jos\u00e9 de Gracia.<\/p>\n<p>&#8220;Alejandro N es detenido por la polic\u00eda en Mazamitla y recluido en el Cerespo de Jalisco y recluido a proceso\u00a0penal. Abel N empieza a tomar el control de la plaza como se conoce en el argot y empieza a haber diferencias.\u00a0 &#8220;Se le pide a Alejandro que ya no asista a San Jos\u00e9 de Gracia, Alejandro N vincula actividades a Jalisco y Colima aunque su familia\u00a0segu\u00eda en San Jos\u00e9 de Gracia&#8221;, resalt\u00f3 Mej\u00eda.<\/p>\n<p>El d\u00eda del ataque, El Pel\u00f3n acudi\u00f3 al funeral de su mam\u00e1, supuestamente acompa\u00f1ado de 15 sicarios, &#8220;aunque\u00a0no se puede acreditar que sean originarios de la regi\u00f3n&#8221;, e incluso su misma familia lo cuestion\u00f3 sobre su asistencia.<\/p>\n<p>Mencion\u00f3 que a los pocos minutos, llegaron camionetas con varias personas al funeral, encabezadas por Abel N, quienes sometieron a los acompa\u00f1antes de El Pel\u00f3n y los desarman, como aparece en algunos videos que se difundieron en redes sociales.<\/p>\n<p>&#8220;Hay dos testimonios que hubo detonaciones, un enfrentamiento, as\u00ed lo refirieron, a balazos entre grupos que salieron a resguardarse, esconderse y no pueden decir cu\u00e1ntas personas hubo fallecidas, pero s\u00ed refieren que despu\u00e9s de la refriega llegaron camionetas con m\u00e1quinas para lavar los sucesos&#8221;, reiter\u00f3.<\/p>\n<p>Con informaci\u00f3n de Milenio Noticias<\/p>\n","protected":false},"excerpt":{"rendered":"<p>El ataque que ocurri\u00f3 el domingo durante un velorio\u00a0en el municipio de San Jos\u00e9 de Gracia, Michoac\u00e1n, presuntamente deriv\u00f3 de una venganza entre grupos criminales ligados al C\u00e1rtel de Jalisco Nueva Generaci\u00f3n (CJNG),\u00a0inform\u00f3 Ricardo Mej\u00eda, sub secretario de Seguridad P\u00fablica, de la Secretar\u00eda de Seguridad y Protecci\u00f3n Ciudadana. En La Ma\u00f1anera desde Palacio Nacional, el &hellip;<\/p>\n","protected":false},"author":6,"featured_media":15779,"comment_status":"open","ping_status":"closed","sticky":false,"template":"","format":"standard","meta":[],"categories":[39,38],"tags":[56,4297,1020],"_links":{"self":[{"href":"https:\/\/www.elgrillitosuena.com\/inicio\/wp-json\/wp\/v2\/posts\/15778"}],"collection":[{"href":"https:\/\/www.elgrillitosuena.com\/inicio\/wp-json\/wp\/v2\/posts"}],"about":[{"href":"https:\/\/www.elgrillitosuena.com\/inicio\/wp-json\/wp\/v2\/types\/post"}],"author":[{"embeddable":true,"href":"https:\/\/www.elgrillitosuena.com\/inicio\/wp-json\/wp\/v2\/users\/6"}],"replies":[{"embeddable":true,"href":"https:\/\/www.elgrillitosuena.com\/inicio\/wp-json\/wp\/v2\/comments?post=15778"}],"version-history":[{"count":1,"href":"https:\/\/www.elgrillitosuena.com\/inicio\/wp-json\/wp\/v2\/posts\/15778\/revisions"}],"predecessor-version":[{"id":15780,"href":"https:\/\/www.elgrillitosuena.com\/inicio\/wp-json\/wp\/v2\/posts\/15778\/revisions\/15780"}],"wp:featuredmedia":[{"embeddable":true,"href":"https:\/\/www.elgrillitosuena.com\/inicio\/wp-json\/wp\/v2\/media\/15779"}],"wp:attachment":[{"href":"https:\/\/www.elgrillitosuena.com\/inicio\/wp-json\/wp\/v2\/media?parent=15778"}],"wp:term":[{"taxonomy":"category","embeddable":true,"href":"https:\/\/www.elgrillitosuena.com\/inicio\/wp-json\/wp\/v2\/categories?post=15778"},{"taxonomy":"post_tag","embeddable":true,"href":"https:\/\/www.elgrillitosuena.com\/inicio\/wp-json\/wp\/v2\/tags?post=15778"}],"curies":[{"name":"wp","href":"https:\/\/api.w.org\/{rel}","templated":true}]}}