{"id":15774,"date":"2022-03-01T16:19:51","date_gmt":"2022-03-01T16:19:51","guid":{"rendered":"https:\/\/www.elgrillitosuena.com\/inicio\/?p=15774"},"modified":"2022-03-01T16:20:18","modified_gmt":"2022-03-01T16:20:18","slug":"vacuna-patria-se-utilizara-como-refuerzo-universal-preve-lopez-gatell","status":"publish","type":"post","link":"https:\/\/www.elgrillitosuena.com\/inicio\/noticias\/mexico\/vacuna-patria-se-utilizara-como-refuerzo-universal-preve-lopez-gatell\/","title":{"rendered":"Vacuna Patria se utilizar\u00e1 como refuerzo universal, prev\u00e9 L\u00f3pez-Gatell"},"content":{"rendered":"<p><img decoding=\"async\" src=\"https:\/\/www.radioformula.com.mx\/u\/fotografias\/m\/2022\/2\/16\/f960x540-322289_396364_0.jpg\" alt=\"Los ensayos de la Fase II de la vacuna patria est\u00e1n en desarrollo.\" \/><\/p>\n<p>La vacuna Patria podr\u00eda ser inhalada y adem\u00e1s se utilizar\u00e1 como refuerzo universal, afirm\u00f3 esta ma\u00f1ana el subsecretario de Prevenci\u00f3n y Promoci\u00f3n de la Salud, Hugo L\u00f3pez Gatell.<\/p>\n<p>&#8220;Dado que ya tenemos cobertura del esquema primario muy amplia, entonces ser\u00eda como un refuerzo universal, independientemente del esquema (de vacunaci\u00f3n) de origen&#8221;, afirm\u00f3 el epidemi\u00f3logo.<\/p>\n<p>Durante la conferencia matutina del presidente Andr\u00e9s Manuel L\u00f3pez Obrador, el funcionario se\u00f1al\u00f3 que se estima que los resultados de los ensayos Fase III de la vacuna desarrollada por Conacyt y Avimex estar\u00e1n listos para diciembre de este a\u00f1o, &#8220;si las noticias siguen siendo positivas&#8221;.<\/p>\n<p>Asimismo record\u00f3 que los resultados de la Fase I fueron satisfactorios y ahora se lleva a cabo el ensayo de la Fase II, por lo que invit\u00f3 a la poblaci\u00f3n a participar.<\/p>\n<p>obre la aplicaci\u00f3n de la vacuna, se\u00f1al\u00f3 que el biol\u00f3gico mexicano es uno de los primeros en el mundo que podr\u00eda aplicarse de manera nasal, por lo que en lugar de una inyecci\u00f3n se utilizar\u00eda un spray\u00a0nasal.<\/p>\n<p>Con informaci\u00f3n de Radio F\u00f3rmula<\/p>\n","protected":false},"excerpt":{"rendered":"<p>La vacuna Patria podr\u00eda ser inhalada y adem\u00e1s se utilizar\u00e1 como refuerzo universal, afirm\u00f3 esta ma\u00f1ana el subsecretario de Prevenci\u00f3n y Promoci\u00f3n de la Salud, Hugo L\u00f3pez Gatell. &#8220;Dado que ya tenemos cobertura del esquema primario muy amplia, entonces ser\u00eda como un refuerzo universal, independientemente del esquema (de vacunaci\u00f3n) de origen&#8221;, afirm\u00f3 el epidemi\u00f3logo. Durante &hellip;<\/p>\n","protected":false},"author":6,"featured_media":15775,"comment_status":"open","ping_status":"closed","sticky":false,"template":"","format":"standard","meta":[],"categories":[39],"tags":[711,4308,1692],"_links":{"self":[{"href":"https:\/\/www.elgrillitosuena.com\/inicio\/wp-json\/wp\/v2\/posts\/15774"}],"collection":[{"href":"https:\/\/www.elgrillitosuena.com\/inicio\/wp-json\/wp\/v2\/posts"}],"about":[{"href":"https:\/\/www.elgrillitosuena.com\/inicio\/wp-json\/wp\/v2\/types\/post"}],"author":[{"embeddable":true,"href":"https:\/\/www.elgrillitosuena.com\/inicio\/wp-json\/wp\/v2\/users\/6"}],"replies":[{"embeddable":true,"href":"https:\/\/www.elgrillitosuena.com\/inicio\/wp-json\/wp\/v2\/comments?post=15774"}],"version-history":[{"count":2,"href":"https:\/\/www.elgrillitosuena.com\/inicio\/wp-json\/wp\/v2\/posts\/15774\/revisions"}],"predecessor-version":[{"id":15777,"href":"https:\/\/www.elgrillitosuena.com\/inicio\/wp-json\/wp\/v2\/posts\/15774\/revisions\/15777"}],"wp:featuredmedia":[{"embeddable":true,"href":"https:\/\/www.elgrillitosuena.com\/inicio\/wp-json\/wp\/v2\/media\/15775"}],"wp:attachment":[{"href":"https:\/\/www.elgrillitosuena.com\/inicio\/wp-json\/wp\/v2\/media?parent=15774"}],"wp:term":[{"taxonomy":"category","embeddable":true,"href":"https:\/\/www.elgrillitosuena.com\/inicio\/wp-json\/wp\/v2\/categories?post=15774"},{"taxonomy":"post_tag","embeddable":true,"href":"https:\/\/www.elgrillitosuena.com\/inicio\/wp-json\/wp\/v2\/tags?post=15774"}],"curies":[{"name":"wp","href":"https:\/\/api.w.org\/{rel}","templated":true}]}}