{"id":15772,"date":"2022-03-01T16:14:51","date_gmt":"2022-03-01T16:14:51","guid":{"rendered":"https:\/\/www.elgrillitosuena.com\/inicio\/?p=15772"},"modified":"2022-03-01T17:50:18","modified_gmt":"2022-03-01T17:50:18","slug":"mexicanos-en-rumania-retorno-de-connacionales-evacuados-de-ucrania-se-complica","status":"publish","type":"post","link":"https:\/\/www.elgrillitosuena.com\/inicio\/noticias\/mundo\/mexicanos-en-rumania-retorno-de-connacionales-evacuados-de-ucrania-se-complica\/","title":{"rendered":"Mexicanos en Rumania: Retorno de connacionales evacuados de Ucrania se complica"},"content":{"rendered":"<p><img decoding=\"async\" src=\"https:\/\/heraldodemexico.com.mx\/u\/fotografias\/m\/2022\/3\/1\/f960x540-483506_557581_0.jpg\" alt=\"LLEGADA. El avi\u00f3n de la Fuerza A\u00e9rea Mexicana arrib\u00f3 ayer en la capital rumana, para llevar a cabo la misi\u00f3n\" \/><\/p>\n<p>Ya hay\u00a0avi\u00f3n mexicano\u00a0en esta capital rumana para\u00a0trasladar a connacionales que as\u00ed lo deseen a nuestro pa\u00eds. Ya se dio el primer paso de la llamada &#8220;operaci\u00f3n rescate&#8221; que ech\u00f3 a andar el gobierno del presidente\u00a0L\u00f3pez Obrador\u00a0para esta acci\u00f3n humanitaria ante el\u00a0conflicto b\u00e9lico entre Rusia y Ucrania.<\/p>\n<p>Ahora s\u00f3lo falta el traslado a esta capital de esos mexicanos que quieran regresar a su pa\u00eds natal.<\/p>\n<p>Como toda operaci\u00f3n de alcances internacionales, como lo es \u00e9sta, el rescate de mexicanos no es cosa f\u00e1cil. Aqu\u00ed, en\u00a0Bucarest, la d\u00e9cima urbe m\u00e1s grande de la\u00a0Uni\u00f3n Europea, no ha llegado, hasta el momento, alguno de esos paisanos que salieron de sus hogares en\u00a0Ucrania. La log\u00edstica est\u00e1 siendo cuidadosamente planeada y, por lo mismo, requiere de paciencia y tiempo.<\/p>\n<p>La crisis en esta parte de\u00a0Europa Oriental\u00a0hace necesario andar con pies de plomo. Es todav\u00eda muy apresurado estimar cu\u00e1ntas personas van a abordar el\u00a0Boeing 737-800\u00a0de la\u00a0Fuerza A\u00e9rea Mexicana, con capacidad para 160 pasajeros, que aterriz\u00f3 en el aeropuerto internacional rumano, tras 21 horas de trayecto desde la\u00a0Ciudad de M\u00e9xico.<\/p>\n<p>Lo que s\u00ed es un hecho es que nuestra\u00a0embajadora en Ucrania, Olga Garc\u00eda Guill\u00e9n, trabaja las 24 horas todav\u00eda desde su residencia en\u00a0Kiev, coordinado con sus hom\u00f3logos de Rumania, Guillermo Ordorica, y el encargado de asuntos consulares en\u00a0Polonia, Carlos Tena, para asistir a todos los mexicanos que se quieran trasladar a una zona m\u00e1s segura.<\/p>\n<p>Se sabe que hay algunos connacionales en la localidad de\u00a0Siret, una de las ciudades m\u00e1s antiguas de la regi\u00f3n, frontera con\u00a0Ucrania. Y se espera que lleguen m\u00e1s.<\/p>\n<h2><strong>PLAN FLEXIBLE\u00a0<\/strong><\/h2>\n<p>De hecho, el plan original para que este mi\u00e9rcoles la aeronave mexicana retorne repleto de connacionales puede ser modificado. De ser necesario, se quedar\u00e1 unos d\u00edas m\u00e1s en\u00a0Rumania, de acuerdo con funcionarios de la canciller\u00eda, consultados al respecto.<\/p>\n<p>Adem\u00e1s, siguen las negociaciones de gobiernos de Latinoam\u00e9rica con la administraci\u00f3n de L\u00f3pez Obrador para que ciudadanos de otras naciones de nuestro continente puedan abordar el vuelo y acercarse a su tierra.<\/p>\n<p>Nada firme a\u00fan, aunque la intenci\u00f3n es llenar con la mayor cantidad de personas posible ese avi\u00f3n mexicano pilotado por el capit\u00e1n\u00a0Iv\u00e1n Espejel Estrada.<\/p>\n<p><strong>LA GUERRA EST\u00c1 EN OTRA PARTE\u00a0<\/strong><\/p>\n<p>Hace un fr\u00edo del carajo.2 grados cent\u00edgrados. Una ligera nevada, intermitente, atizada con vientos que literalmente cachetean el rostro, nos recibe en\u00a0Rumania.<\/p>\n<p>El cielo gris, t\u00edpico de los crudos inviernos europeos, oscurece la tarde desde las 17:30 horas. Uno pensar\u00eda que este clima es un heraldo negro de lo que ocurre en esta parte del mundo, en esta Europa oriental hist\u00f3ricamente sacudida por golpes de plomo y p\u00f3lvora.<\/p>\n<p>Prejuicios que se hace uno. Porque en esta ciudad de 19.4 millones de habitantes la vida sigue normal. Restaurantes llenos de comensales riendo hasta rasparse la garganta. Enamorados tomando caf\u00e9. Rozando sus manos t\u00edmidamente unos, los primerizos; los m\u00e1s \u00edntimos acariciando sus manos como si fueran sus propios cuerpos, caricias delatoras de un \u00e1nimo despreocupado de las hostilidades.<\/p>\n<p>Tambi\u00e9n las plazas comerciales son concurridas. Elegantes mujeres caminan con bolsas decoradas. Ni\u00f1as y ni\u00f1os dando pasos como si fueran malabaristas de cuerdas flojas imaginarias.<\/p>\n<p>En sus conversaciones no est\u00e1 la invasi\u00f3n de\u00a0Rusia\u00a0a\u00a0Ucrania. Est\u00e1n sus familias, sus problemas de trabajo o an\u00e9cdotas de lo divertidos que se la pasaron el fin de semana.<\/p>\n<p>Si uno se atiene a sus charlas, las hostilidades est\u00e1n muy lejos, aunque la realidad la coloc\u00f3 a escasos 500 kil\u00f3metros de distancia.<\/p>\n<p>Con informaci\u00f3n de Heraldo de M\u00e9xico<\/p>\n","protected":false},"excerpt":{"rendered":"<p>Ya hay\u00a0avi\u00f3n mexicano\u00a0en esta capital rumana para\u00a0trasladar a connacionales que as\u00ed lo deseen a nuestro pa\u00eds. Ya se dio el primer paso de la llamada &#8220;operaci\u00f3n rescate&#8221; que ech\u00f3 a andar el gobierno del presidente\u00a0L\u00f3pez Obrador\u00a0para esta acci\u00f3n humanitaria ante el\u00a0conflicto b\u00e9lico entre Rusia y Ucrania. Ahora s\u00f3lo falta el traslado a esta capital de &hellip;<\/p>\n","protected":false},"author":6,"featured_media":15803,"comment_status":"open","ping_status":"closed","sticky":false,"template":"","format":"standard","meta":[],"categories":[40],"tags":[4307,3714],"_links":{"self":[{"href":"https:\/\/www.elgrillitosuena.com\/inicio\/wp-json\/wp\/v2\/posts\/15772"}],"collection":[{"href":"https:\/\/www.elgrillitosuena.com\/inicio\/wp-json\/wp\/v2\/posts"}],"about":[{"href":"https:\/\/www.elgrillitosuena.com\/inicio\/wp-json\/wp\/v2\/types\/post"}],"author":[{"embeddable":true,"href":"https:\/\/www.elgrillitosuena.com\/inicio\/wp-json\/wp\/v2\/users\/6"}],"replies":[{"embeddable":true,"href":"https:\/\/www.elgrillitosuena.com\/inicio\/wp-json\/wp\/v2\/comments?post=15772"}],"version-history":[{"count":1,"href":"https:\/\/www.elgrillitosuena.com\/inicio\/wp-json\/wp\/v2\/posts\/15772\/revisions"}],"predecessor-version":[{"id":15773,"href":"https:\/\/www.elgrillitosuena.com\/inicio\/wp-json\/wp\/v2\/posts\/15772\/revisions\/15773"}],"wp:featuredmedia":[{"embeddable":true,"href":"https:\/\/www.elgrillitosuena.com\/inicio\/wp-json\/wp\/v2\/media\/15803"}],"wp:attachment":[{"href":"https:\/\/www.elgrillitosuena.com\/inicio\/wp-json\/wp\/v2\/media?parent=15772"}],"wp:term":[{"taxonomy":"category","embeddable":true,"href":"https:\/\/www.elgrillitosuena.com\/inicio\/wp-json\/wp\/v2\/categories?post=15772"},{"taxonomy":"post_tag","embeddable":true,"href":"https:\/\/www.elgrillitosuena.com\/inicio\/wp-json\/wp\/v2\/tags?post=15772"}],"curies":[{"name":"wp","href":"https:\/\/api.w.org\/{rel}","templated":true}]}}