{"id":15746,"date":"2022-02-28T16:33:55","date_gmt":"2022-02-28T16:33:55","guid":{"rendered":"https:\/\/www.elgrillitosuena.com\/inicio\/?p=15746"},"modified":"2022-02-28T16:33:55","modified_gmt":"2022-02-28T16:33:55","slug":"inicia-sesion-de-emergencia-de-asamblea-de-onu-por-ucrania-guardan-minuto-de-silencio","status":"publish","type":"post","link":"https:\/\/www.elgrillitosuena.com\/inicio\/noticias\/mundo\/inicia-sesion-de-emergencia-de-asamblea-de-onu-por-ucrania-guardan-minuto-de-silencio\/","title":{"rendered":"Inicia sesi\u00f3n de emergencia de Asamblea de ONU por Ucrania; guardan minuto de silencio"},"content":{"rendered":"<p><img decoding=\"async\" src=\"https:\/\/cdn2.excelsior.com.mx\/media\/styles\/image800x600\/public\/pictures\/2022\/02\/28\/2720934.jpg\" \/><\/p>\n<p>Los\u00a0193 miembros\u00a0de la\u00a0Asamblea General de Naciones Unidas\u00a0observaron este lunes un\u00a0minuto de silencio\u00a0por iniciativa de su\u00a0presidente, Abdulla Shahid, en memoria de las v\u00edctimas de la\u00a0invasi\u00f3n rusa\u00a0en\u00a0Ucrania, al inicio de una excepcional\u00a0&#8220;sesi\u00f3n extraordinaria de urgencia&#8221;\u00a0del organismo.<\/p>\n<p>El exministro de Relaciones Exteriores de Maldivas, con rango de jefe de Estado por su posici\u00f3n en la\u00a0ONU, Abdulla Shahid exhort\u00f3 a que\u00a0&#8220;cese la violencia&#8221;\u00a0y prevalezca el\u00a0di\u00e1logo\u00a0tras mostrar su preocupaci\u00f3n por la\u00a0situaci\u00f3n humanitaria\u00a0por el pa\u00eds invadido.<\/p>\n<blockquote><p>La paz debe prevalecer&#8221;, clam\u00f3.<\/p><\/blockquote>\n<p><span class=\"article-body-balloon\">M\u00e1s de un centenar de oradores se inscribieron para hablar en esta reuni\u00f3n de la Asamblea General, la primera de este tipo que tiene lugar desde hace 40 a\u00f1os y que en principio deber\u00eda prolongarse hasta el martes, o incluso el mi\u00e9rcoles, antes de que haya una votaci\u00f3n sobre una resoluci\u00f3n propuesta por los europeos, para que cesen las hostilidades en la exrep\u00fablica sovi\u00e9tica.<\/span><\/p>\n<p>El texto inicial, obtenido por la prensa, &#8220;condena en los t\u00e9rminos m\u00e1s en\u00e9rgicos la agresi\u00f3n de Rusia contra Ucrania&#8221;.<\/p>\n<p><strong>Consenso contra Rusia<\/strong><\/p>\n<p>Europa, que entr\u00f3 indirectamente en el conflicto el domingo al autorizar el suministro de armas a Ucrania, entre ellos &#8220;aviones de caza MIG b\u00falgaros&#8221;, seg\u00fan una fuente diplom\u00e1tica, deber\u00eda votar un\u00e1nimemente junto con Am\u00e9rica del Norte para denunciar a Rusia en la sesi\u00f3n de la Asamblea.<\/p>\n<p>Asimismo, se espera que un gran n\u00famero de pa\u00edses africanos y sudamericanos se pronuncien contra la invasi\u00f3n rusa, seg\u00fan fuentes diplom\u00e1ticas, que estiman superar el centenar de votos favorables que obtuvo en 2014 una resoluci\u00f3n similar tras la anexi\u00f3n rusa de Crimea.<\/p>\n<p>Las negociaciones est\u00e1n en curso entre dos corrientes, seg\u00fan una fuente diplom\u00e1tica que pidi\u00f3 el anonimato.<\/p>\n<p>Algunos, al subrayar que el texto no puede ser vetado pues en la Asamblea general no existe el derecho a veto como en el Consejo de Seguridad, quieren que sea muy contundente.<\/p>\n<p>Otros consideran que lo importante es obtener un m\u00e1ximo de votos para mostrar el aislamiento de Rusia y estar\u00edan dispuestos a hacer concesiones sobre el tono, precis\u00f3 dicha fuente.<\/p>\n<p>Con informaci\u00f3n de Exc\u00e9lsior<\/p>\n<div class=\"teads-inread teads-display\">\n<div>\n<div class=\"teads-ui-components-adchoices\"><\/div>\n<\/div>\n<\/div>\n","protected":false},"excerpt":{"rendered":"<p>Los\u00a0193 miembros\u00a0de la\u00a0Asamblea General de Naciones Unidas\u00a0observaron este lunes un\u00a0minuto de silencio\u00a0por iniciativa de su\u00a0presidente, Abdulla Shahid, en memoria de las v\u00edctimas de la\u00a0invasi\u00f3n rusa\u00a0en\u00a0Ucrania, al inicio de una excepcional\u00a0&#8220;sesi\u00f3n extraordinaria de urgencia&#8221;\u00a0del organismo. El exministro de Relaciones Exteriores de Maldivas, con rango de jefe de Estado por su posici\u00f3n en la\u00a0ONU, Abdulla Shahid exhort\u00f3 &hellip;<\/p>\n","protected":false},"author":6,"featured_media":15747,"comment_status":"open","ping_status":"closed","sticky":false,"template":"","format":"standard","meta":[],"categories":[40],"tags":[4300,260,2822],"_links":{"self":[{"href":"https:\/\/www.elgrillitosuena.com\/inicio\/wp-json\/wp\/v2\/posts\/15746"}],"collection":[{"href":"https:\/\/www.elgrillitosuena.com\/inicio\/wp-json\/wp\/v2\/posts"}],"about":[{"href":"https:\/\/www.elgrillitosuena.com\/inicio\/wp-json\/wp\/v2\/types\/post"}],"author":[{"embeddable":true,"href":"https:\/\/www.elgrillitosuena.com\/inicio\/wp-json\/wp\/v2\/users\/6"}],"replies":[{"embeddable":true,"href":"https:\/\/www.elgrillitosuena.com\/inicio\/wp-json\/wp\/v2\/comments?post=15746"}],"version-history":[{"count":1,"href":"https:\/\/www.elgrillitosuena.com\/inicio\/wp-json\/wp\/v2\/posts\/15746\/revisions"}],"predecessor-version":[{"id":15748,"href":"https:\/\/www.elgrillitosuena.com\/inicio\/wp-json\/wp\/v2\/posts\/15746\/revisions\/15748"}],"wp:featuredmedia":[{"embeddable":true,"href":"https:\/\/www.elgrillitosuena.com\/inicio\/wp-json\/wp\/v2\/media\/15747"}],"wp:attachment":[{"href":"https:\/\/www.elgrillitosuena.com\/inicio\/wp-json\/wp\/v2\/media?parent=15746"}],"wp:term":[{"taxonomy":"category","embeddable":true,"href":"https:\/\/www.elgrillitosuena.com\/inicio\/wp-json\/wp\/v2\/categories?post=15746"},{"taxonomy":"post_tag","embeddable":true,"href":"https:\/\/www.elgrillitosuena.com\/inicio\/wp-json\/wp\/v2\/tags?post=15746"}],"curies":[{"name":"wp","href":"https:\/\/api.w.org\/{rel}","templated":true}]}}