{"id":15740,"date":"2022-02-28T16:02:40","date_gmt":"2022-02-28T16:02:40","guid":{"rendered":"https:\/\/www.elgrillitosuena.com\/inicio\/?p=15740"},"modified":"2022-02-28T16:02:40","modified_gmt":"2022-02-28T16:02:40","slug":"ojala-no-sea-cierto-amlo-sobre-asesinato-de-17-personas-en-michoacan","status":"publish","type":"post","link":"https:\/\/www.elgrillitosuena.com\/inicio\/noticias\/michoacan\/ojala-no-sea-cierto-amlo-sobre-asesinato-de-17-personas-en-michoacan\/","title":{"rendered":"\u201cOjal\u00e1 no sea cierto\u201d: AMLO sobre asesinato de 17 personas en Michoac\u00e1n"},"content":{"rendered":"<p><img decoding=\"async\" src=\"https:\/\/www.radioformula.com.mx\/u\/fotografias\/m\/2022\/2\/28\/f960x540-324523_398598_0.jpg\" alt=\"El presidente AMLO presumi\u00f3 su popularidad pese a 'ataques'.\" \/><\/p>\n<p>El presidente Andr\u00e9s Manuel L\u00f3pez Obrador inform\u00f3 que la Fiscal\u00eda General de Michoac\u00e1n no ha encontrado los cuerpos de las 17 personas que presuntamente fueron fusiladas en un velorio en San Jos\u00e9 de Gracia, por lo que dijo, espera que \u201cno sea cierto\u201d lo que se difundi\u00f3 a trav\u00e9s de redes sociales.<\/p>\n<p>\u201cEl reporte que nos envi\u00f3 la Fiscal\u00eda de Michoac\u00e1n y el gobierno de Michoac\u00e1n es que no han encontrado cuerpos. S\u00ed hay evidencias de que hubo un enfrentamiento, hay casquillos, creo unos restos, pero no los cuerpos porque se habla en las redes sociales de 17 fusilados, me llam\u00f3 la atenci\u00f3n porque esas noticias.\u00a0Ojal\u00e1 y no sea cierto, ojal\u00e1 no sea como lo est\u00e1n difundiendo\u201d, dijo el mandatario federal.<\/p>\n<p>En redes sociales se difundi\u00f3 un video en que se ve a un comando armado asesinar en v\u00eda p\u00fablica a 17 personas que hab\u00edan acudido a un funeral en un poblado fronterizo con Jalisco. Las v\u00edctimas hab\u00edan sido colocadas en la puerta de pie, con las manos en la nuca y segundos despu\u00e9s se escucharon disparos y se les ve desvanecer.<\/p>\n<p>El presidente L\u00f3pez Obrador cuestion\u00f3 que los medios de comunicaci\u00f3n ya est\u00e9n dando por hecho este episodio de violencia cuando no se ha reportado el hallazgo de los cuerpos.<\/p>\n<p>En el\u00a0reporte diario de seguridad del Gobierno de M\u00e9xico, se contabilizaron 88 homicidios dolosos, de los cuales\u00a0seis se reportaron en Michoac\u00e1n, es decir que no hay registro de quienes habr\u00edan sido ejecutados el domingo.<\/p>\n<p>L\u00f3pez Obrador indic\u00f3 que se est\u00e1 realizando una investigaci\u00f3n para conocer lo ocurrido, aunque aclar\u00f3 que\u00a0hay indicios de que s\u00ed se registr\u00f3 un episodio de violencia.<\/p>\n<p>\u201cSe est\u00e1 haciendo la investigaci\u00f3n, pero\u00a0hoy el informe que nos dieron no han encontrado cuerpos, s\u00ed dos veh\u00edculos, casquillos, s\u00ed partes de seres humanos, pero no tenemos m\u00e1s, manchas de sangre, pero no tenemos m\u00e1s\u201d, destac\u00f3.<\/p>\n<p>La Fiscal\u00eda de Michoac\u00e1n inform\u00f3 que en el presunto lugar de la masacre no se encontraron v\u00edctimas, aunque s\u00ed productos de limpieza.<\/p>\n<blockquote class=\"twitter-tweet\" data-width=\"550\" data-dnt=\"true\">\n<p lang=\"es\" dir=\"ltr\">Investiga Fiscal\u00eda General hechos ocurridos en San Jos\u00e9 de Gracia<a href=\"https:\/\/twitter.com\/hashtag\/M%C3%A1sInfo?src=hash&amp;ref_src=twsrc%5Etfw\">#M\u00e1sInfo<\/a> \u27a1\ufe0f <a href=\"https:\/\/t.co\/sWKOgGz7ks\">https:\/\/t.co\/sWKOgGz7ks<\/a><\/p>\n<p>&mdash; Fiscal\u00eda General de Michoac\u00e1n (@FiscaliaMich) <a href=\"https:\/\/twitter.com\/FiscaliaMich\/status\/1498167809507053568?ref_src=twsrc%5Etfw\">February 28, 2022<\/a><\/p><\/blockquote>\n<p><script async src=\"https:\/\/platform.twitter.com\/widgets.js\" charset=\"utf-8\"><\/script><\/p>\n<p>&#8220;En el lugar se recolectaron cartuchos percutidos de armas de fuego calibres .9mm, 7.72, 5.56 y 45 mm. De igual forma, se asegur\u00f3 una motocicleta y dos veh\u00edculos que ten\u00edan da\u00f1os por disparo de arma de fuego&#8221;, inform\u00f3 la Fiscal\u00eda<\/p>\n<p>Gobernado por el morenista Alfredo Bedolla, Michoac\u00e1n ha tenido un arranque de a\u00f1o violento. En algunos d\u00edas de enero y febrero se ha ubicado como la entidad m\u00e1s violenta por el n\u00famero de homicidios dolosos, incluso desplazando a Guanajuato.<\/p>\n<p>En enero, de los 2,427 homicidios dolosos ocurridos en el pa\u00eds, 9.6% se reportaron en Michoac\u00e1n.<\/p>\n<p>Con informaci\u00f3n de Expansi\u00f3n<\/p>\n","protected":false},"excerpt":{"rendered":"<p>El presidente Andr\u00e9s Manuel L\u00f3pez Obrador inform\u00f3 que la Fiscal\u00eda General de Michoac\u00e1n no ha encontrado los cuerpos de las 17 personas que presuntamente fueron fusiladas en un velorio en San Jos\u00e9 de Gracia, por lo que dijo, espera que \u201cno sea cierto\u201d lo que se difundi\u00f3 a trav\u00e9s de redes sociales. \u201cEl reporte que &hellip;<\/p>\n","protected":false},"author":6,"featured_media":15741,"comment_status":"open","ping_status":"closed","sticky":false,"template":"","format":"standard","meta":[],"categories":[39,38],"tags":[98,270,56,4297],"_links":{"self":[{"href":"https:\/\/www.elgrillitosuena.com\/inicio\/wp-json\/wp\/v2\/posts\/15740"}],"collection":[{"href":"https:\/\/www.elgrillitosuena.com\/inicio\/wp-json\/wp\/v2\/posts"}],"about":[{"href":"https:\/\/www.elgrillitosuena.com\/inicio\/wp-json\/wp\/v2\/types\/post"}],"author":[{"embeddable":true,"href":"https:\/\/www.elgrillitosuena.com\/inicio\/wp-json\/wp\/v2\/users\/6"}],"replies":[{"embeddable":true,"href":"https:\/\/www.elgrillitosuena.com\/inicio\/wp-json\/wp\/v2\/comments?post=15740"}],"version-history":[{"count":1,"href":"https:\/\/www.elgrillitosuena.com\/inicio\/wp-json\/wp\/v2\/posts\/15740\/revisions"}],"predecessor-version":[{"id":15742,"href":"https:\/\/www.elgrillitosuena.com\/inicio\/wp-json\/wp\/v2\/posts\/15740\/revisions\/15742"}],"wp:featuredmedia":[{"embeddable":true,"href":"https:\/\/www.elgrillitosuena.com\/inicio\/wp-json\/wp\/v2\/media\/15741"}],"wp:attachment":[{"href":"https:\/\/www.elgrillitosuena.com\/inicio\/wp-json\/wp\/v2\/media?parent=15740"}],"wp:term":[{"taxonomy":"category","embeddable":true,"href":"https:\/\/www.elgrillitosuena.com\/inicio\/wp-json\/wp\/v2\/categories?post=15740"},{"taxonomy":"post_tag","embeddable":true,"href":"https:\/\/www.elgrillitosuena.com\/inicio\/wp-json\/wp\/v2\/tags?post=15740"}],"curies":[{"name":"wp","href":"https:\/\/api.w.org\/{rel}","templated":true}]}}