{"id":15509,"date":"2022-02-21T16:11:53","date_gmt":"2022-02-21T16:11:53","guid":{"rendered":"https:\/\/www.elgrillitosuena.com\/inicio\/?p=15509"},"modified":"2022-02-21T16:11:53","modified_gmt":"2022-02-21T16:11:53","slug":"mexico-ya-no-es-como-pinta-netflix-dice-amlo-crimen-ya-no-manda","status":"publish","type":"post","link":"https:\/\/www.elgrillitosuena.com\/inicio\/noticias\/mexico\/mexico-ya-no-es-como-pinta-netflix-dice-amlo-crimen-ya-no-manda\/","title":{"rendered":"M\u00e9xico ya no es como pinta Netflix, dice AMLO: &#8220;crimen ya no manda&#8221;"},"content":{"rendered":"<p><img decoding=\"async\" src=\"https:\/\/www.radioformula.com.mx\/u\/fotografias\/m\/2022\/2\/21\/f960x540-322737_396812_0.jpg\" \/><\/p>\n<p>El presidente Andr\u00e9s Manuel L\u00f3pez Obrador reiter\u00f3 que el\u00a0gobierno ya no est\u00e1 vinculado con el crimen organizado, como ocurri\u00f3 en los sexenios anteriores, situaci\u00f3n que incluso era expuesta en la\u00a0series de Netfilx.<\/p>\n<p>&#8220;\u00bfQu\u00e9 pod\u00eda hacer Calder\u00f3n, si su brazo derecho estaba vinculado a la delincuencia? Entonces el no permitir eso, el que no nos saquen en las series estas de Netflix, c\u00f3mo en las escenas los jefes de la delincuencia\u00a0y levantan\u00a0el tel\u00e9fono y le hablan al secretario de seguridad, al\u00a0de gobernaci\u00f3n, al general, al\u00a0comandante \u00bfsi han visto las series no? ese es el atractivo. Mandaban ellos, hemos podido avanzar en eso&#8221;, afirm\u00f3 el jefe del Ejecutivo.<\/p>\n<p>Mientras ondeaba su pa\u00f1uelo blanco, L\u00f3pez Obrador subray\u00f3 que ya no hay corrupci\u00f3n en el gobierno, por lo que tiene &#8220;autoridad moral&#8221; para poder denunciar a &#8220;la mafia del poder&#8221; y a la delincuencia organizada.<\/p>\n<p>&#8220;Ya no es el tiempo de los gobiernos pasados, por eso resistimos, porque si no tuvi\u00e9semos autoridad moral no podr\u00edamos avanzar&#8221;, afirm\u00f3 en su conferencia matutina en Palacio Nacional.<\/p>\n<p>Destac\u00f3 que el \u00edndice de inseguridad y violencia tambi\u00e9n se pudo reducir gracias al combate a la impunidad y atender\u00a0as causas que originan la violencia:\u00a0trabajo, salario, atenci\u00f3n a j\u00f3venes, garantizar el derecho a la educaci\u00f3n, a la salud, atenci\u00f3n a los m\u00e1s pobres.<\/p>\n<p>&#8220;Vamos avanzando poco a poco&#8221;, asever\u00f3 AMLO, al se\u00f1alar que si Jos\u00e9 Antonio Meade o Ricardo Anaya hubieran ganado la elecci\u00f3n presidencial en 2018, la tendencia de violencia se hubiera mantenido a la alza.<\/p>\n<p>Con informaci\u00f3n de Radio F\u00f3rmula<\/p>\n","protected":false},"excerpt":{"rendered":"<p>El presidente Andr\u00e9s Manuel L\u00f3pez Obrador reiter\u00f3 que el\u00a0gobierno ya no est\u00e1 vinculado con el crimen organizado, como ocurri\u00f3 en los sexenios anteriores, situaci\u00f3n que incluso era expuesta en la\u00a0series de Netfilx. &#8220;\u00bfQu\u00e9 pod\u00eda hacer Calder\u00f3n, si su brazo derecho estaba vinculado a la delincuencia? Entonces el no permitir eso, el que no nos saquen &hellip;<\/p>\n","protected":false},"author":6,"featured_media":15510,"comment_status":"open","ping_status":"closed","sticky":false,"template":"","format":"standard","meta":[],"categories":[39],"tags":[98,293],"_links":{"self":[{"href":"https:\/\/www.elgrillitosuena.com\/inicio\/wp-json\/wp\/v2\/posts\/15509"}],"collection":[{"href":"https:\/\/www.elgrillitosuena.com\/inicio\/wp-json\/wp\/v2\/posts"}],"about":[{"href":"https:\/\/www.elgrillitosuena.com\/inicio\/wp-json\/wp\/v2\/types\/post"}],"author":[{"embeddable":true,"href":"https:\/\/www.elgrillitosuena.com\/inicio\/wp-json\/wp\/v2\/users\/6"}],"replies":[{"embeddable":true,"href":"https:\/\/www.elgrillitosuena.com\/inicio\/wp-json\/wp\/v2\/comments?post=15509"}],"version-history":[{"count":1,"href":"https:\/\/www.elgrillitosuena.com\/inicio\/wp-json\/wp\/v2\/posts\/15509\/revisions"}],"predecessor-version":[{"id":15511,"href":"https:\/\/www.elgrillitosuena.com\/inicio\/wp-json\/wp\/v2\/posts\/15509\/revisions\/15511"}],"wp:featuredmedia":[{"embeddable":true,"href":"https:\/\/www.elgrillitosuena.com\/inicio\/wp-json\/wp\/v2\/media\/15510"}],"wp:attachment":[{"href":"https:\/\/www.elgrillitosuena.com\/inicio\/wp-json\/wp\/v2\/media?parent=15509"}],"wp:term":[{"taxonomy":"category","embeddable":true,"href":"https:\/\/www.elgrillitosuena.com\/inicio\/wp-json\/wp\/v2\/categories?post=15509"},{"taxonomy":"post_tag","embeddable":true,"href":"https:\/\/www.elgrillitosuena.com\/inicio\/wp-json\/wp\/v2\/tags?post=15509"}],"curies":[{"name":"wp","href":"https:\/\/api.w.org\/{rel}","templated":true}]}}