{"id":15507,"date":"2022-02-21T16:05:24","date_gmt":"2022-02-21T16:05:24","guid":{"rendered":"https:\/\/www.elgrillitosuena.com\/inicio\/?p=15507"},"modified":"2022-02-21T17:26:29","modified_gmt":"2022-02-21T17:26:29","slug":"no-infrinjo-ninguna-ley-ine-deberia-informar-sobre-revocacion-lopez-obrador","status":"publish","type":"post","link":"https:\/\/www.elgrillitosuena.com\/inicio\/noticias\/mexico\/no-infrinjo-ninguna-ley-ine-deberia-informar-sobre-revocacion-lopez-obrador\/","title":{"rendered":"No infrinjo ninguna ley, INE deber\u00eda informar sobre revocaci\u00f3n: L\u00f3pez Obrador"},"content":{"rendered":"<p><img decoding=\"async\" src=\"https:\/\/cdn2.excelsior.com.mx\/media\/styles\/image800x600\/public\/pictures\/2022\/02\/21\/2717173.jpg\" \/><\/p>\n<p>El presidente Andr\u00e9s Manuel L\u00f3pez Obrador consider\u00f3 que no infringe la ley al llamar a la poblaci\u00f3n a\u00a0participar el 10 de abril en la revocaci\u00f3n de mandato, pues asegur\u00f3 que est\u00e1 en el derecho a informar, lo cual, critic\u00f3 \u201cdeber\u00eda estar haciendo el INE\u201d.<\/p>\n<p>En Palacio Nacional, el mandatario cuestion\u00f3 al instituto electoral por la falta de informaci\u00f3n y divulgaci\u00f3n de la revocaci\u00f3n de mandato.<\/p>\n<blockquote><p>En mi caso, pienso,\u00a0no estoy infringiendo ninguna ley, porque no estoy diciendo que se incline la poblaci\u00f3n por una u otra postura, sino que expreso que un modo de resolver nuestras diferencias es a trav\u00e9s del m\u00e9todo democr\u00e1tico y que tendremos esa oportunidad el 10 abril, eso lo deber\u00eda hacer el INE, deber\u00eda estar informando\u201d, coment\u00f3.<\/p><\/blockquote>\n<p>L\u00f3pez Obrador sostuvo que, a su parecer, todos tienen el derecho de informar sobre este proceso democr\u00e1tico mas no obligar u orientar el voto en alg\u00fan sentido.<\/p>\n<p>Reiter\u00f3 que la revocaci\u00f3n de mandato es una oportunidad para que la oposici\u00f3n se exprese, sin violencia y sin \u201cguerra sucia\u201d, su opini\u00f3n acerca del gobierno en turno.<\/p>\n<p>\u201cSI ellos est\u00e1n inconformes y piensan que est\u00e1bamos mejor antes,\u00a0tienen esa posibilidad de expresarlo de manera pac\u00edfica, sin gritos ni sombrerazos, sin insultos, sin violencia, esa es la democracia, no con labor de zapa; es decir, queriendo socavar, debilitar al gobierno con guerra sucia, campa\u00f1as de desprestigio\u201d, dijo.<\/p>\n<p>L\u00f3pez Obrador reiter\u00f3 que aun cuando no participe el 40 por ciento del electorado y la consulta no sea vinculatoria, en caso de que gane la opci\u00f3n de que renuncie, lo har\u00e1.<\/p>\n<p>\u201cSi yo no tengo la mayor\u00eda, me voy, dejo la presidencia, aun cuando la Constituci\u00f3n establece que para que sea v\u00e1lida la consulta o tenga car\u00e1cter vinculatorio se necesita que participe el 40 por ciento de la poblaci\u00f3n empadronada, pero si no participa ese total y gana el que me vaya, me voy, aunque lo ideal ser\u00eda que participaran todos\u201d, expres\u00f3.<\/p>\n<p>Con informaci\u00f3n de Exc\u00e9lsior<\/p>\n","protected":false},"excerpt":{"rendered":"<p>El presidente Andr\u00e9s Manuel L\u00f3pez Obrador consider\u00f3 que no infringe la ley al llamar a la poblaci\u00f3n a\u00a0participar el 10 de abril en la revocaci\u00f3n de mandato, pues asegur\u00f3 que est\u00e1 en el derecho a informar, lo cual, critic\u00f3 \u201cdeber\u00eda estar haciendo el INE\u201d. En Palacio Nacional, el mandatario cuestion\u00f3 al instituto electoral por la &hellip;<\/p>\n","protected":false},"author":6,"featured_media":15523,"comment_status":"open","ping_status":"closed","sticky":false,"template":"","format":"standard","meta":[],"categories":[39],"tags":[98,932,3975],"_links":{"self":[{"href":"https:\/\/www.elgrillitosuena.com\/inicio\/wp-json\/wp\/v2\/posts\/15507"}],"collection":[{"href":"https:\/\/www.elgrillitosuena.com\/inicio\/wp-json\/wp\/v2\/posts"}],"about":[{"href":"https:\/\/www.elgrillitosuena.com\/inicio\/wp-json\/wp\/v2\/types\/post"}],"author":[{"embeddable":true,"href":"https:\/\/www.elgrillitosuena.com\/inicio\/wp-json\/wp\/v2\/users\/6"}],"replies":[{"embeddable":true,"href":"https:\/\/www.elgrillitosuena.com\/inicio\/wp-json\/wp\/v2\/comments?post=15507"}],"version-history":[{"count":1,"href":"https:\/\/www.elgrillitosuena.com\/inicio\/wp-json\/wp\/v2\/posts\/15507\/revisions"}],"predecessor-version":[{"id":15508,"href":"https:\/\/www.elgrillitosuena.com\/inicio\/wp-json\/wp\/v2\/posts\/15507\/revisions\/15508"}],"wp:featuredmedia":[{"embeddable":true,"href":"https:\/\/www.elgrillitosuena.com\/inicio\/wp-json\/wp\/v2\/media\/15523"}],"wp:attachment":[{"href":"https:\/\/www.elgrillitosuena.com\/inicio\/wp-json\/wp\/v2\/media?parent=15507"}],"wp:term":[{"taxonomy":"category","embeddable":true,"href":"https:\/\/www.elgrillitosuena.com\/inicio\/wp-json\/wp\/v2\/categories?post=15507"},{"taxonomy":"post_tag","embeddable":true,"href":"https:\/\/www.elgrillitosuena.com\/inicio\/wp-json\/wp\/v2\/tags?post=15507"}],"curies":[{"name":"wp","href":"https:\/\/api.w.org\/{rel}","templated":true}]}}