{"id":15440,"date":"2022-02-17T18:11:42","date_gmt":"2022-02-17T18:11:42","guid":{"rendered":"https:\/\/www.elgrillitosuena.com\/inicio\/?p=15440"},"modified":"2022-02-17T18:11:42","modified_gmt":"2022-02-17T18:11:42","slug":"nadie-sera-censurado-ni-loret-ni-nadie-amlo","status":"publish","type":"post","link":"https:\/\/www.elgrillitosuena.com\/inicio\/noticias\/mexico\/nadie-sera-censurado-ni-loret-ni-nadie-amlo\/","title":{"rendered":"Nadie ser\u00e1 censurado, ni Loret ni nadie: AMLO"},"content":{"rendered":"<p><img decoding=\"async\" src=\"https:\/\/www.radioformula.com.mx\/u\/fotografias\/m\/2022\/2\/17\/f960x540-322391_396466_2.jpg\" alt=\"Presidente AMLO en la conferencia matutina.\" \/><\/p>\n<p>Tras presentar &#8220;avances&#8221; en las\u00a0investigaciones de los asesinatos de periodistas en M\u00e9xico, el presidente Andr\u00e9s Manuel L\u00f3pez Obrador asegur\u00f3 que en su Gobierno no hay impunidad, violaciones a los\u00a0derechos humanos ni censura.<\/p>\n<p>Desde Tijuana, donde recientemente fueron asesinados dos periodistas, AMLO asever\u00f3 que los profesionales del gremio &#8220;no est\u00e1n solos&#8221; y que tienen\u00a0derecho a disentir y protestar.<\/p>\n<p>&#8220;Informar a los integrantes del gremio de periodistas del pa\u00eds\u00a0que van a mantener protecci\u00f3n y que no est\u00e1n solos, y tambi\u00e9n el derecho a disentir y protestar&#8221;, dijo el mandatario.<\/p>\n<p>&#8220;Nadie ha sido ni ser\u00e1 censurado,\u00a0ni Loret de Mola, ni L\u00f3pez-D\u00f3riga, ni Ciro, ni Carmen Aristegui, no,\u00a0ni los del pasqu\u00edn conservador de la mafia del poder que es el Reforma, nadie&#8221;, lanz\u00f3.<\/p>\n<p>AMLO dijo que las autoridades seguir\u00e1n\u00a0combatiendo la inseguridad, el crimen y la impunidad.<\/p>\n<p>&#8220;No se va a permitir la asociaci\u00f3n delictuosa entre autoridades y el crimen&#8221;, sostuvo.<\/p>\n<p>Con informaci\u00f3n de Radio F\u00f3rmula<\/p>\n","protected":false},"excerpt":{"rendered":"<p>Tras presentar &#8220;avances&#8221; en las\u00a0investigaciones de los asesinatos de periodistas en M\u00e9xico, el presidente Andr\u00e9s Manuel L\u00f3pez Obrador asegur\u00f3 que en su Gobierno no hay impunidad, violaciones a los\u00a0derechos humanos ni censura. Desde Tijuana, donde recientemente fueron asesinados dos periodistas, AMLO asever\u00f3 que los profesionales del gremio &#8220;no est\u00e1n solos&#8221; y que tienen\u00a0derecho a disentir &hellip;<\/p>\n","protected":false},"author":6,"featured_media":15441,"comment_status":"open","ping_status":"closed","sticky":false,"template":"","format":"standard","meta":[],"categories":[39],"tags":[98,4006],"_links":{"self":[{"href":"https:\/\/www.elgrillitosuena.com\/inicio\/wp-json\/wp\/v2\/posts\/15440"}],"collection":[{"href":"https:\/\/www.elgrillitosuena.com\/inicio\/wp-json\/wp\/v2\/posts"}],"about":[{"href":"https:\/\/www.elgrillitosuena.com\/inicio\/wp-json\/wp\/v2\/types\/post"}],"author":[{"embeddable":true,"href":"https:\/\/www.elgrillitosuena.com\/inicio\/wp-json\/wp\/v2\/users\/6"}],"replies":[{"embeddable":true,"href":"https:\/\/www.elgrillitosuena.com\/inicio\/wp-json\/wp\/v2\/comments?post=15440"}],"version-history":[{"count":1,"href":"https:\/\/www.elgrillitosuena.com\/inicio\/wp-json\/wp\/v2\/posts\/15440\/revisions"}],"predecessor-version":[{"id":15442,"href":"https:\/\/www.elgrillitosuena.com\/inicio\/wp-json\/wp\/v2\/posts\/15440\/revisions\/15442"}],"wp:featuredmedia":[{"embeddable":true,"href":"https:\/\/www.elgrillitosuena.com\/inicio\/wp-json\/wp\/v2\/media\/15441"}],"wp:attachment":[{"href":"https:\/\/www.elgrillitosuena.com\/inicio\/wp-json\/wp\/v2\/media?parent=15440"}],"wp:term":[{"taxonomy":"category","embeddable":true,"href":"https:\/\/www.elgrillitosuena.com\/inicio\/wp-json\/wp\/v2\/categories?post=15440"},{"taxonomy":"post_tag","embeddable":true,"href":"https:\/\/www.elgrillitosuena.com\/inicio\/wp-json\/wp\/v2\/tags?post=15440"}],"curies":[{"name":"wp","href":"https:\/\/api.w.org\/{rel}","templated":true}]}}