{"id":15392,"date":"2022-02-16T20:35:38","date_gmt":"2022-02-16T20:35:38","guid":{"rendered":"https:\/\/www.elgrillitosuena.com\/inicio\/?p=15392"},"modified":"2022-02-16T20:35:38","modified_gmt":"2022-02-16T20:35:38","slug":"ine-ordena-a-gobernadores-de-morena-retirar-comunicado-en-favor-de-amlo","status":"publish","type":"post","link":"https:\/\/www.elgrillitosuena.com\/inicio\/noticias\/mexico\/ine-ordena-a-gobernadores-de-morena-retirar-comunicado-en-favor-de-amlo\/","title":{"rendered":"INE ordena a gobernadores de Morena retirar comunicado en favor de AMLO"},"content":{"rendered":"<p><img decoding=\"async\" src=\"https:\/\/www.elsoldemexico.com.mx\/mexico\/politica\/2abx7v-ine-ordena-a-gobernadores-morenistas-retirar-comunicado-en-favor-de-amlo.png\/alternates\/LANDSCAPE_768\/INE%20ordena%20a%20gobernadores%20morenistas%20retirar%20comunicado%20en%20favor%20de%20AMLO.png\" \/><\/p>\n<p>El Instituto Nacional Electoral (INE) orden\u00f3 a gobernadores de Morena retirar comunicado en apoyo al presidente L\u00f3pez Obrador al considerar que viola la veda impuesta por el proceso de revocaci\u00f3n de mandato.<\/p>\n<p>La Comisi\u00f3n de Quejas y Denuncias del INE encontr\u00f3 que la solicitud de medidas cautelares solicitadas por el PAN en contra de un comunicado emitido por varios gobernadores de Morena, donde respaldaban al Presidente luego de la pol\u00e9mica que desat\u00f3 la exhibici\u00f3n de los supuestos ingresos del periodista Carlos Loret de Mola durante su conferencia matutina.<\/p>\n<p>La queja interpuesta por Acci\u00f3n Nacional acusaba que el comunicado difundido en las redes sociales de los gobernadores constitu\u00eda propaganda gubernamental, lo que viola el periodo de veda establecido por el proceso de revocaci\u00f3n de mandato.<\/p>\n<p>La Comisi\u00f3n determin\u00f3 que ls solicitud de medidas cautelares era procedente, ya que el comunicado &#8220;tiene como tem\u00e1tica central y preponderante se\u00f1alar y difundir logros, avances, \u00e9xitos y actividades gubernamentales&#8221;, adem\u00e1s de resaltar aspectos personales y la manera en que gobierna el Presidente.<\/p>\n<p>Adem\u00e1s de la Jefa de Gobierno de la Ciudad de M\u00e9xico, las y los gobernadores que firmaron y difundieron el posicionamiento fueron los titulares de Baja California, Baja California Sur, Campeche, Chiapas, Colima, Guerrero, Michoac\u00e1n, Morelos, Nayarit, Puebla, San Luis Potos\u00ed, Sinaloa, Sonora, Tabasco, Tlaxcala, Veracruz y Zacatecas.<\/p>\n<p>Con informaci\u00f3n de El Sol de M\u00e9xico<\/p>\n","protected":false},"excerpt":{"rendered":"<p>El Instituto Nacional Electoral (INE) orden\u00f3 a gobernadores de Morena retirar comunicado en apoyo al presidente L\u00f3pez Obrador al considerar que viola la veda impuesta por el proceso de revocaci\u00f3n de mandato. La Comisi\u00f3n de Quejas y Denuncias del INE encontr\u00f3 que la solicitud de medidas cautelares solicitadas por el PAN en contra de un &hellip;<\/p>\n","protected":false},"author":6,"featured_media":15393,"comment_status":"open","ping_status":"closed","sticky":false,"template":"","format":"standard","meta":[],"categories":[39],"tags":[98,1971,932,494,3975],"_links":{"self":[{"href":"https:\/\/www.elgrillitosuena.com\/inicio\/wp-json\/wp\/v2\/posts\/15392"}],"collection":[{"href":"https:\/\/www.elgrillitosuena.com\/inicio\/wp-json\/wp\/v2\/posts"}],"about":[{"href":"https:\/\/www.elgrillitosuena.com\/inicio\/wp-json\/wp\/v2\/types\/post"}],"author":[{"embeddable":true,"href":"https:\/\/www.elgrillitosuena.com\/inicio\/wp-json\/wp\/v2\/users\/6"}],"replies":[{"embeddable":true,"href":"https:\/\/www.elgrillitosuena.com\/inicio\/wp-json\/wp\/v2\/comments?post=15392"}],"version-history":[{"count":1,"href":"https:\/\/www.elgrillitosuena.com\/inicio\/wp-json\/wp\/v2\/posts\/15392\/revisions"}],"predecessor-version":[{"id":15394,"href":"https:\/\/www.elgrillitosuena.com\/inicio\/wp-json\/wp\/v2\/posts\/15392\/revisions\/15394"}],"wp:featuredmedia":[{"embeddable":true,"href":"https:\/\/www.elgrillitosuena.com\/inicio\/wp-json\/wp\/v2\/media\/15393"}],"wp:attachment":[{"href":"https:\/\/www.elgrillitosuena.com\/inicio\/wp-json\/wp\/v2\/media?parent=15392"}],"wp:term":[{"taxonomy":"category","embeddable":true,"href":"https:\/\/www.elgrillitosuena.com\/inicio\/wp-json\/wp\/v2\/categories?post=15392"},{"taxonomy":"post_tag","embeddable":true,"href":"https:\/\/www.elgrillitosuena.com\/inicio\/wp-json\/wp\/v2\/tags?post=15392"}],"curies":[{"name":"wp","href":"https:\/\/api.w.org\/{rel}","templated":true}]}}