{"id":15383,"date":"2022-02-16T18:05:31","date_gmt":"2022-02-16T18:05:31","guid":{"rendered":"https:\/\/www.elgrillitosuena.com\/inicio\/?p=15383"},"modified":"2022-02-16T18:05:31","modified_gmt":"2022-02-16T18:05:31","slug":"exitosa-reunion-de-nacho-campos-con-embajada-de-eu","status":"publish","type":"post","link":"https:\/\/www.elgrillitosuena.com\/inicio\/noticias\/uruapan\/exitosa-reunion-de-nacho-campos-con-embajada-de-eu\/","title":{"rendered":"Exitosa reuni\u00f3n de Nacho Campos con Embajada de EU"},"content":{"rendered":"<p><img decoding=\"async\" loading=\"lazy\" class=\"alignnone  wp-image-15384\" src=\"https:\/\/www.elgrillitosuena.com\/inicio\/wp-content\/uploads\/2022\/02\/WhatsApp-Image-2022-02-16-at-11.28.42-AM-300x200.jpeg\" alt=\"\" width=\"660\" height=\"440\" srcset=\"https:\/\/www.elgrillitosuena.com\/inicio\/wp-content\/uploads\/2022\/02\/WhatsApp-Image-2022-02-16-at-11.28.42-AM-300x200.jpeg 300w, https:\/\/www.elgrillitosuena.com\/inicio\/wp-content\/uploads\/2022\/02\/WhatsApp-Image-2022-02-16-at-11.28.42-AM-1024x683.jpeg 1024w, https:\/\/www.elgrillitosuena.com\/inicio\/wp-content\/uploads\/2022\/02\/WhatsApp-Image-2022-02-16-at-11.28.42-AM-768x512.jpeg 768w, https:\/\/www.elgrillitosuena.com\/inicio\/wp-content\/uploads\/2022\/02\/WhatsApp-Image-2022-02-16-at-11.28.42-AM.jpeg 1296w\" sizes=\"(max-width: 660px) 100vw, 660px\" \/><\/p>\n<p>Provechosa reuni\u00f3n de trabajo sostuvo el presidente municipal de Uruapan, Ignacio Campos Equihua con personal de la Embajada de Estados Unidos en M\u00e9xico y con autoridades del Departamento de Agricultura del vecino pa\u00eds (USDA), quienes abordaron el tema de la exportaci\u00f3n del aguacate.<\/p>\n<p>La Embajada de Estados Unidos (EU) sali\u00f3 contenta y satisfecha por la buena disposici\u00f3n mostrada por el alcalde de Uruapan, lo cual demuestra el compromiso que tiene el mun\u00edcipe por atender de forma \u00e1gil y eficaz el problema se\u00f1alado.<\/p>\n<p><img decoding=\"async\" loading=\"lazy\" class=\"alignnone  wp-image-15385\" src=\"https:\/\/www.elgrillitosuena.com\/inicio\/wp-content\/uploads\/2022\/02\/WhatsApp-Image-2022-02-16-at-11.28.43-AM-300x200.jpeg\" alt=\"\" width=\"722\" height=\"481\" srcset=\"https:\/\/www.elgrillitosuena.com\/inicio\/wp-content\/uploads\/2022\/02\/WhatsApp-Image-2022-02-16-at-11.28.43-AM-300x200.jpeg 300w, https:\/\/www.elgrillitosuena.com\/inicio\/wp-content\/uploads\/2022\/02\/WhatsApp-Image-2022-02-16-at-11.28.43-AM-768x512.jpeg 768w, https:\/\/www.elgrillitosuena.com\/inicio\/wp-content\/uploads\/2022\/02\/WhatsApp-Image-2022-02-16-at-11.28.43-AM.jpeg 1024w\" sizes=\"(max-width: 722px) 100vw, 722px\" \/><\/p>\n<p>A su vez, Nacho Campos reiter\u00f3 su inter\u00e9s por destrabar este asunto y lograr que Michoac\u00e1n reabra la exportaci\u00f3n de aguacate a EU, al se\u00f1alar que la industria del llamado oro verde, representa el principal motor econ\u00f3mico de la entidad y a\u00f1adi\u00f3 que Uruapan es el municipio que genera en Michoac\u00e1n la mayor cantidad de producto interno bruto (PIB).<\/p>\n<p><img decoding=\"async\" loading=\"lazy\" class=\"alignnone  wp-image-15386\" src=\"https:\/\/www.elgrillitosuena.com\/inicio\/wp-content\/uploads\/2022\/02\/WhatsApp-Image-2022-02-16-at-11.28.43-AM-2-300x200.jpeg\" alt=\"\" width=\"719\" height=\"479\" srcset=\"https:\/\/www.elgrillitosuena.com\/inicio\/wp-content\/uploads\/2022\/02\/WhatsApp-Image-2022-02-16-at-11.28.43-AM-2-300x200.jpeg 300w, https:\/\/www.elgrillitosuena.com\/inicio\/wp-content\/uploads\/2022\/02\/WhatsApp-Image-2022-02-16-at-11.28.43-AM-2-1024x682.jpeg 1024w, https:\/\/www.elgrillitosuena.com\/inicio\/wp-content\/uploads\/2022\/02\/WhatsApp-Image-2022-02-16-at-11.28.43-AM-2-768x512.jpeg 768w, https:\/\/www.elgrillitosuena.com\/inicio\/wp-content\/uploads\/2022\/02\/WhatsApp-Image-2022-02-16-at-11.28.43-AM-2.jpeg 1280w\" sizes=\"(max-width: 719px) 100vw, 719px\" \/><\/p>\n<p>En la mesa de trabajo tambi\u00e9n particip\u00f3 le jefe de asesores de seguridad de la Embajada de EU, Ricardo Lohora, la oficial regional, Christina Lohs; el encargado de la oficina de seguridad del Departamento de Agricultura, Francisco Aguilar; el oficial asistente regional de seguridad, Drew Davis y el oficial de seguridad regional del Consulado de los Estados Unidos en Guadalajara, Omar Facuse, as\u00ed como autoridades del Departamento de Agricultura de los Estados Unidos.<\/p>\n","protected":false},"excerpt":{"rendered":"<p>Provechosa reuni\u00f3n de trabajo sostuvo el presidente municipal de Uruapan, Ignacio Campos Equihua con personal de la Embajada de Estados Unidos en M\u00e9xico y con autoridades del Departamento de Agricultura del vecino pa\u00eds (USDA), quienes abordaron el tema de la exportaci\u00f3n del aguacate. La Embajada de Estados Unidos (EU) sali\u00f3 contenta y satisfecha por la &hellip;<\/p>\n","protected":false},"author":6,"featured_media":15384,"comment_status":"open","ping_status":"closed","sticky":false,"template":"","format":"standard","meta":[],"categories":[37],"tags":[1264,405,3685,1588],"_links":{"self":[{"href":"https:\/\/www.elgrillitosuena.com\/inicio\/wp-json\/wp\/v2\/posts\/15383"}],"collection":[{"href":"https:\/\/www.elgrillitosuena.com\/inicio\/wp-json\/wp\/v2\/posts"}],"about":[{"href":"https:\/\/www.elgrillitosuena.com\/inicio\/wp-json\/wp\/v2\/types\/post"}],"author":[{"embeddable":true,"href":"https:\/\/www.elgrillitosuena.com\/inicio\/wp-json\/wp\/v2\/users\/6"}],"replies":[{"embeddable":true,"href":"https:\/\/www.elgrillitosuena.com\/inicio\/wp-json\/wp\/v2\/comments?post=15383"}],"version-history":[{"count":1,"href":"https:\/\/www.elgrillitosuena.com\/inicio\/wp-json\/wp\/v2\/posts\/15383\/revisions"}],"predecessor-version":[{"id":15387,"href":"https:\/\/www.elgrillitosuena.com\/inicio\/wp-json\/wp\/v2\/posts\/15383\/revisions\/15387"}],"wp:featuredmedia":[{"embeddable":true,"href":"https:\/\/www.elgrillitosuena.com\/inicio\/wp-json\/wp\/v2\/media\/15384"}],"wp:attachment":[{"href":"https:\/\/www.elgrillitosuena.com\/inicio\/wp-json\/wp\/v2\/media?parent=15383"}],"wp:term":[{"taxonomy":"category","embeddable":true,"href":"https:\/\/www.elgrillitosuena.com\/inicio\/wp-json\/wp\/v2\/categories?post=15383"},{"taxonomy":"post_tag","embeddable":true,"href":"https:\/\/www.elgrillitosuena.com\/inicio\/wp-json\/wp\/v2\/tags?post=15383"}],"curies":[{"name":"wp","href":"https:\/\/api.w.org\/{rel}","templated":true}]}}